{"id":1930,"date":"2020-09-02T19:27:28","date_gmt":"2020-09-02T19:27:28","guid":{"rendered":"https:\/\/krankenhauspfarramt.de\/index.php\/2020\/09\/02\/impulse-und-tools-fuer-die-naechsten-grossen-gottesdienste-ekd\/"},"modified":"2020-09-02T19:27:32","modified_gmt":"2020-09-02T19:27:32","slug":"impulse-und-tools-fuer-die-naechsten-grossen-gottesdienste-ekd","status":"publish","type":"post","link":"https:\/\/krankenhauspfarramt.de\/index.php\/2020\/09\/02\/impulse-und-tools-fuer-die-naechsten-grossen-gottesdienste-ekd\/","title":{"rendered":"Impulse und Tools f\u00fcr die n\u00e4chsten gro\u00dfen Gottesdienste \u2013 EKD"},"content":{"rendered":"<p> <br \/>\n<\/p>\n<div>\n<p>Die Online-Seminare geben einen Einblick in aktuelle Projekte und Fragestellungen zu Themen der Digitalisierung und dar\u00fcber hinaus. Mit kurzen Impulsen aus Praxis und Theorie geben sie einen guten Einstieg in einzelne Themen und bieten neue Impulse f\u00fcr die eigene Praxis.<\/p>\n<p>Die Seminare finden in der Regel mittwochs um 20 Uhr statt und dauern etwa eine Stunde. Die Teilnahme ist kostenlos per Videokonferenz m\u00f6glich. Hier gelangen Sie zu unseren Datenschutzhinweisen.<\/p>\n<p>Die Webinare werden von der Stabsstelle Digitalisierung gemeinsam mit einem ehrenamtlichem Team organisiert. Falls Sie mitmachen oder selbst ein Online-Seminar anbieten m\u00f6chten, schreiben Sie gerne eine Mail an digital@ekd.de. Hier erhalten Sie auch die Aufzeichnungen vergangener Veranstaltungen und k\u00f6nnen Themenw\u00fcnsche \u00e4u\u00dfern.<\/p>\n<\/p><\/div>\n","protected":false},"excerpt":{"rendered":"<p>Die Online-Seminare geben einen Einblick in aktuelle Projekte und Fragestellungen zu Themen der Digitalisierung und dar\u00fcber hinaus. Mit kurzen Impulsen<\/p>\n","protected":false},"author":1,"featured_media":1931,"comment_status":"closed","ping_status":"closed","sticky":false,"template":"","format":"standard","meta":{"footnotes":""},"categories":[20],"tags":[],"_links":{"self":[{"href":"https:\/\/krankenhauspfarramt.de\/index.php\/wp-json\/wp\/v2\/posts\/1930"}],"collection":[{"href":"https:\/\/krankenhauspfarramt.de\/index.php\/wp-json\/wp\/v2\/posts"}],"about":[{"href":"https:\/\/krankenhauspfarramt.de\/index.php\/wp-json\/wp\/v2\/types\/post"}],"author":[{"embeddable":true,"href":"https:\/\/krankenhauspfarramt.de\/index.php\/wp-json\/wp\/v2\/users\/1"}],"replies":[{"embeddable":true,"href":"https:\/\/krankenhauspfarramt.de\/index.php\/wp-json\/wp\/v2\/comments?post=1930"}],"version-history":[{"count":1,"href":"https:\/\/krankenhauspfarramt.de\/index.php\/wp-json\/wp\/v2\/posts\/1930\/revisions"}],"predecessor-version":[{"id":1932,"href":"https:\/\/krankenhauspfarramt.de\/index.php\/wp-json\/wp\/v2\/posts\/1930\/revisions\/1932"}],"wp:featuredmedia":[{"embeddable":true,"href":"https:\/\/krankenhauspfarramt.de\/index.php\/wp-json\/wp\/v2\/media\/1931"}],"wp:attachment":[{"href":"https:\/\/krankenhauspfarramt.de\/index.php\/wp-json\/wp\/v2\/media?parent=1930"}],"wp:term":[{"taxonomy":"category","embeddable":true,"href":"https:\/\/krankenhauspfarramt.de\/index.php\/wp-json\/wp\/v2\/categories?post=1930"},{"taxonomy":"post_tag","embeddable":true,"href":"https:\/\/krankenhauspfarramt.de\/index.php\/wp-json\/wp\/v2\/tags?post=1930"}],"curies":[{"name":"wp","href":"https:\/\/api.w.org\/{rel}","templated":true}]}}