{"id":1979,"date":"2020-09-10T12:43:38","date_gmt":"2020-09-10T12:43:38","guid":{"rendered":"https:\/\/krankenhauspfarramt.de\/index.php\/2020\/09\/10\/gespraech-ueber-suizid-darf-kein-tabu-sein-ekd\/"},"modified":"2020-09-10T12:43:41","modified_gmt":"2020-09-10T12:43:41","slug":"gespraech-ueber-suizid-darf-kein-tabu-sein-ekd","status":"publish","type":"post","link":"https:\/\/krankenhauspfarramt.de\/index.php\/2020\/09\/10\/gespraech-ueber-suizid-darf-kein-tabu-sein-ekd\/","title":{"rendered":"\u201eGespr\u00e4ch \u00fcber Suizid darf kein Tabu sein\u201c \u2013 EKD"},"content":{"rendered":"<p> <br \/>\n<\/p>\n<div>\n<p><em>Stichwort \u201eSelbstmordattent\u00e4ter\u201c: sind religi\u00f6se Menschen eher dazu geneigt, Suizid zu begehen?<\/em><\/p>\n<p><strong>Lindner: <\/strong>Nein. Hier handelt es sich um ein eigenes Thema, das die Pr\u00e4vention nicht betrifft. Ob man Selbstmordattentate als Suizid oder als Massenmord mit Inkaufnahme des eigenen Todes einsch\u00e4tzt, h\u00e4ngt ganz vom jeweiligen Fall ab. So gibt es die Situation, dass junge Menschen in bestimmten \u00f6konomischen und gesellschaftlichen Situationen in eine solche Lage gebracht werden. Ihre Tat gilt f\u00fcr die Familie dann als heroisch. Grunds\u00e4tzlich aber hat Religiosit\u00e4t verschiedene Einfl\u00fcsse auf Suizidalit\u00e4t. So sch\u00fctzt sie zum einen Menschen vor Suizid, die etwa davon \u00fcberzeugt sind, dass sie von einer h\u00f6heren Instanz getragen werden oder auch, dass der Suizid eine S\u00fcnde ist. Auch der soziale und kommunikative Aspekt von Religion hat eine wichtige Schutzfunktion. Andererseits aber kann ein rigides, strafendes und einengendes Bild von Gott auch zum Gegenteil f\u00fchren.<\/p>\n<p><em>Was kann die Gesellschaft tun, um die Suizidrate zu senken?<\/em><\/p>\n<p><strong>Lindner: <\/strong>Zum einen vor allem dar\u00fcber reden! Das Thema darf in der Gesellschaft nicht ausgegrenzt werden, man muss dar\u00fcber sprechen statt zu schweigen. Zum anderen braucht die Suizidpr\u00e4vention mehr gesellschaftliche und auch finanzielle F\u00f6rderung. Und schlie\u00dflich ist es wichtig, dar\u00fcber aufzukl\u00e4ren, dass es wirksame Hilfe bei Suizidalit\u00e4t gibt.<\/p>\n<p style=\"text-align:right\">Gespr\u00e4ch: Christian Pr\u00fcfer (epd)<\/p>\n<hr\/>\n<p><em>Wenn Sie daran denken, sich das Leben zu nehmen, oder jemanden kennen, der suizidgef\u00e4hrdet ist, suchen Sie Hilfe. Die Telefonseelsorge ist anonym, kostenlos und rund um die Uhr erreichbar. Die Telefonnummern sind 0800\/1110111 und 0800\/1110222. Auch ein Kontakt per Chat und E-Mail ist m\u00f6glich: www.telefonseelsorge.de<\/em><\/p>\n<\/p><\/div>\n","protected":false},"excerpt":{"rendered":"<p>Stichwort \u201eSelbstmordattent\u00e4ter\u201c: sind religi\u00f6se Menschen eher dazu geneigt, Suizid zu begehen? Lindner: Nein. Hier handelt es sich um ein eigenes<\/p>\n","protected":false},"author":1,"featured_media":1980,"comment_status":"closed","ping_status":"closed","sticky":false,"template":"","format":"standard","meta":{"footnotes":""},"categories":[20],"tags":[],"_links":{"self":[{"href":"https:\/\/krankenhauspfarramt.de\/index.php\/wp-json\/wp\/v2\/posts\/1979"}],"collection":[{"href":"https:\/\/krankenhauspfarramt.de\/index.php\/wp-json\/wp\/v2\/posts"}],"about":[{"href":"https:\/\/krankenhauspfarramt.de\/index.php\/wp-json\/wp\/v2\/types\/post"}],"author":[{"embeddable":true,"href":"https:\/\/krankenhauspfarramt.de\/index.php\/wp-json\/wp\/v2\/users\/1"}],"replies":[{"embeddable":true,"href":"https:\/\/krankenhauspfarramt.de\/index.php\/wp-json\/wp\/v2\/comments?post=1979"}],"version-history":[{"count":1,"href":"https:\/\/krankenhauspfarramt.de\/index.php\/wp-json\/wp\/v2\/posts\/1979\/revisions"}],"predecessor-version":[{"id":1981,"href":"https:\/\/krankenhauspfarramt.de\/index.php\/wp-json\/wp\/v2\/posts\/1979\/revisions\/1981"}],"wp:featuredmedia":[{"embeddable":true,"href":"https:\/\/krankenhauspfarramt.de\/index.php\/wp-json\/wp\/v2\/media\/1980"}],"wp:attachment":[{"href":"https:\/\/krankenhauspfarramt.de\/index.php\/wp-json\/wp\/v2\/media?parent=1979"}],"wp:term":[{"taxonomy":"category","embeddable":true,"href":"https:\/\/krankenhauspfarramt.de\/index.php\/wp-json\/wp\/v2\/categories?post=1979"},{"taxonomy":"post_tag","embeddable":true,"href":"https:\/\/krankenhauspfarramt.de\/index.php\/wp-json\/wp\/v2\/tags?post=1979"}],"curies":[{"name":"wp","href":"https:\/\/api.w.org\/{rel}","templated":true}]}}