{"id":1982,"date":"2020-09-10T16:47:37","date_gmt":"2020-09-10T16:47:37","guid":{"rendered":"https:\/\/krankenhauspfarramt.de\/index.php\/2020\/09\/10\/seelsorger-erreichten-mehr-kirchenferne-menschen-ekd\/"},"modified":"2020-09-10T16:47:40","modified_gmt":"2020-09-10T16:47:40","slug":"seelsorger-erreichten-mehr-kirchenferne-menschen-ekd","status":"publish","type":"post","link":"https:\/\/krankenhauspfarramt.de\/index.php\/2020\/09\/10\/seelsorger-erreichten-mehr-kirchenferne-menschen-ekd\/","title":{"rendered":"Seelsorger erreichten mehr kirchenferne Menschen \u2013 EKD"},"content":{"rendered":"<p> <br \/>\n<\/p>\n<div>\n<p>Ein \u00fcberraschendes Ergebnis der nicht repr\u00e4sentativen Online-Umfrage unter Mannheimer Seelsorgern sei es, dass in der Krise mehr kirchenferne Menschen und die Gruppe der 30- bis 40-J\u00e4hrigen besser erreicht wurden, sagte Foltin. Insgesamt sei die Nachfrage nach Seelsorge gestiegen. Pfarrer h\u00e4tten mehr seelsorgerliche Gespr\u00e4che gef\u00fchrt durch Telefonate, Mailkontakte und spontane Kontakte im Freien. Zum Teil seien neue Rituale geschaffen worden, etwa ein \u201eSegen to go\u201c oder neue Gottesdienstformen im Freien.<\/p>\n<h3>\u201eAufsuchende Seelsorge\u201c in der Krise verst\u00e4rkt n\u00f6tig<\/h3>\n<p>Allerdings seien gerade treue Kirchg\u00e4nger und \u00e4ltere sowie kranke Menschen weniger gut erreicht worden. Da viele Menschen abgetaucht und vereinsamt seien, sei vor allem eine \u201eaufsuchende Seelsorge\u201c verst\u00e4rkt n\u00f6tig, sagte der Wissenschaftler. Gerade \u00e4ltere Menschen seien nicht in der Lage, virtuelle Ersatzangebote zu nutzen. Wichtig sei die Sichtbarkeit von Pfarrern.<\/p>\n<p>Der Vorwurf, dass sich die Kirche in der Krise zu sehr zur\u00fcckgezogen habe, sei nicht abgefragt worden, sagte Foltin. Dies sei von einem Befragten aber so thematisiert worden: \u201eDass die Kirche auf Not und Gefahr eigentlich mit Gemeinschaft und St\u00e4rkung der Versammlung der Gl\u00e4ubigen reagiert, hat zu einem Grundkonflikt gef\u00fchrt, der schwer aufzul\u00f6sen war\u201c, hei\u00dft es in der FEST-Studie von Hans Diefenbacher, Oliver Foltin und Lise Stadtherr.<\/p>\n<\/p><\/div>\n","protected":false},"excerpt":{"rendered":"<p>Ein \u00fcberraschendes Ergebnis der nicht repr\u00e4sentativen Online-Umfrage unter Mannheimer Seelsorgern sei es, dass in der Krise mehr kirchenferne Menschen und<\/p>\n","protected":false},"author":1,"featured_media":1983,"comment_status":"closed","ping_status":"closed","sticky":false,"template":"","format":"standard","meta":{"footnotes":""},"categories":[20],"tags":[],"_links":{"self":[{"href":"https:\/\/krankenhauspfarramt.de\/index.php\/wp-json\/wp\/v2\/posts\/1982"}],"collection":[{"href":"https:\/\/krankenhauspfarramt.de\/index.php\/wp-json\/wp\/v2\/posts"}],"about":[{"href":"https:\/\/krankenhauspfarramt.de\/index.php\/wp-json\/wp\/v2\/types\/post"}],"author":[{"embeddable":true,"href":"https:\/\/krankenhauspfarramt.de\/index.php\/wp-json\/wp\/v2\/users\/1"}],"replies":[{"embeddable":true,"href":"https:\/\/krankenhauspfarramt.de\/index.php\/wp-json\/wp\/v2\/comments?post=1982"}],"version-history":[{"count":1,"href":"https:\/\/krankenhauspfarramt.de\/index.php\/wp-json\/wp\/v2\/posts\/1982\/revisions"}],"predecessor-version":[{"id":1984,"href":"https:\/\/krankenhauspfarramt.de\/index.php\/wp-json\/wp\/v2\/posts\/1982\/revisions\/1984"}],"wp:featuredmedia":[{"embeddable":true,"href":"https:\/\/krankenhauspfarramt.de\/index.php\/wp-json\/wp\/v2\/media\/1983"}],"wp:attachment":[{"href":"https:\/\/krankenhauspfarramt.de\/index.php\/wp-json\/wp\/v2\/media?parent=1982"}],"wp:term":[{"taxonomy":"category","embeddable":true,"href":"https:\/\/krankenhauspfarramt.de\/index.php\/wp-json\/wp\/v2\/categories?post=1982"},{"taxonomy":"post_tag","embeddable":true,"href":"https:\/\/krankenhauspfarramt.de\/index.php\/wp-json\/wp\/v2\/tags?post=1982"}],"curies":[{"name":"wp","href":"https:\/\/api.w.org\/{rel}","templated":true}]}}