{"id":1985,"date":"2020-09-10T20:48:17","date_gmt":"2020-09-10T20:48:17","guid":{"rendered":"https:\/\/krankenhauspfarramt.de\/index.php\/2020\/09\/10\/praeses-der-ekd-synode-sieht-wachsende-bedeutung-des-ehrenamts-ekd\/"},"modified":"2020-09-10T20:48:19","modified_gmt":"2020-09-10T20:48:19","slug":"praeses-der-ekd-synode-sieht-wachsende-bedeutung-des-ehrenamts-ekd","status":"publish","type":"post","link":"https:\/\/krankenhauspfarramt.de\/index.php\/2020\/09\/10\/praeses-der-ekd-synode-sieht-wachsende-bedeutung-des-ehrenamts-ekd\/","title":{"rendered":"Pr\u00e4ses der EKD-Synode sieht wachsende Bedeutung des Ehrenamts \u2013 EKD"},"content":{"rendered":"<p> <br \/>\n<\/p>\n<div>\n<p>Aus Sicht Schwaetzers, die selbst das Kirchenparlament im Ehrenamt leitet, w\u00e4re Kirche ohne die Menschen, die sich in der Begleitung anderer Menschen in schweren Situationen engagierten, sich f\u00fcr Entwicklungshilfe einsetzten oder aktiv den Gottesdienst mitgestalteten, nicht Kirche. Viele Ehrenamtliche wollten den Sinn, den sie in ihrer T\u00e4tigkeit sehen, auch mit der Glaubenspraxis verbunden wissen.<\/p>\n<h3>Schwaetzer: Pr\u00e4dikanten sind\u00a0Teil des Verk\u00fcndigungsteams der Zukunft<\/h3>\n<p>Eine besonders wichtige Rolle nehme dabei der ehrenamtliche Predigtdienst ein. Schwaetzer glaubt, dass in der Zukunft gut ausgebildete Laienprediger, sogenannte Pr\u00e4dikanten, vermehrt gebraucht werden. Die Absolventen eines Theologiestudiums w\u00fcrden den Bedarf an Menschen, die in der Fl\u00e4che des Landes Gottesdienste und Andachten gestalteten, nicht decken k\u00f6nnen, sagte Schwaetzer. Seri\u00f6s ausgebildete Pr\u00e4dikanten seien daher Teil des Verk\u00fcndigungsteams der Zukunft.<\/p>\n<p>Die 78-J\u00e4hrige selbst wird nach ihren Worten im November in Berlin die letzte regul\u00e4re EKD-Synodentagung leiten. Das Amt der Synoden-Pr\u00e4ses hat Schwaetzer seit 2013 inne.<\/p>\n<\/p><\/div>\n","protected":false},"excerpt":{"rendered":"<p>Aus Sicht Schwaetzers, die selbst das Kirchenparlament im Ehrenamt leitet, w\u00e4re Kirche ohne die Menschen, die sich in der Begleitung<\/p>\n","protected":false},"author":1,"featured_media":1627,"comment_status":"closed","ping_status":"closed","sticky":false,"template":"","format":"standard","meta":{"footnotes":""},"categories":[20],"tags":[],"_links":{"self":[{"href":"https:\/\/krankenhauspfarramt.de\/index.php\/wp-json\/wp\/v2\/posts\/1985"}],"collection":[{"href":"https:\/\/krankenhauspfarramt.de\/index.php\/wp-json\/wp\/v2\/posts"}],"about":[{"href":"https:\/\/krankenhauspfarramt.de\/index.php\/wp-json\/wp\/v2\/types\/post"}],"author":[{"embeddable":true,"href":"https:\/\/krankenhauspfarramt.de\/index.php\/wp-json\/wp\/v2\/users\/1"}],"replies":[{"embeddable":true,"href":"https:\/\/krankenhauspfarramt.de\/index.php\/wp-json\/wp\/v2\/comments?post=1985"}],"version-history":[{"count":1,"href":"https:\/\/krankenhauspfarramt.de\/index.php\/wp-json\/wp\/v2\/posts\/1985\/revisions"}],"predecessor-version":[{"id":1986,"href":"https:\/\/krankenhauspfarramt.de\/index.php\/wp-json\/wp\/v2\/posts\/1985\/revisions\/1986"}],"wp:featuredmedia":[{"embeddable":true,"href":"https:\/\/krankenhauspfarramt.de\/index.php\/wp-json\/wp\/v2\/media\/1627"}],"wp:attachment":[{"href":"https:\/\/krankenhauspfarramt.de\/index.php\/wp-json\/wp\/v2\/media?parent=1985"}],"wp:term":[{"taxonomy":"category","embeddable":true,"href":"https:\/\/krankenhauspfarramt.de\/index.php\/wp-json\/wp\/v2\/categories?post=1985"},{"taxonomy":"post_tag","embeddable":true,"href":"https:\/\/krankenhauspfarramt.de\/index.php\/wp-json\/wp\/v2\/tags?post=1985"}],"curies":[{"name":"wp","href":"https:\/\/api.w.org\/{rel}","templated":true}]}}