{"id":1987,"date":"2020-09-11T00:51:29","date_gmt":"2020-09-11T00:51:29","guid":{"rendered":"https:\/\/krankenhauspfarramt.de\/index.php\/2020\/09\/11\/mit-herzblut-fuer-nachhaltigkeit-ekd\/"},"modified":"2020-09-11T00:51:31","modified_gmt":"2020-09-11T00:51:31","slug":"mit-herzblut-fuer-nachhaltigkeit-ekd","status":"publish","type":"post","link":"https:\/\/krankenhauspfarramt.de\/index.php\/2020\/09\/11\/mit-herzblut-fuer-nachhaltigkeit-ekd\/","title":{"rendered":"Mit Herzblut f\u00fcr Nachhaltigkeit \u2013 EKD"},"content":{"rendered":"<p> <br \/>\n<\/p>\n<div>\n<p>Grosdidier holt tief Luft und beginnt, die vielen erfolgreichen Beispiele aufzuz\u00e4hlen, vermeintliche Kleinigkeiten, aber auch gro\u00dfe Projekte: F\u00fcr saubere W\u00e4sche brauche zum Beispiel niemand mehr in der Gegend herumzufahren. Denn Bad Boll wasche in der eigenen W\u00e4scherei und mit \u00d6kowaschmitteln. Erdgas betreibe die Trockner. Energie gewinne die Tagungsst\u00e4tte aus einem eigenen Blockheizkraftwerk und einer Pelletsheizung, Strom aus Solaranlagen.<\/p>\n<p>Die Aufz\u00e4hlung nimmt gar kein Ende, so weit ist die Tagungsst\u00e4tte mittlerweile. Da sind zum Beispiel die rund 40 Toiletten, die aus Regenwasser gespeist w\u00fcrden, erz\u00e4hlt Grosdidier. Oder der NABU-Naturgarten, der schon im kommenden Jahr Insekten und heimische Reptilien beheimaten soll. Aber nachhaltig hei\u00dfe in Bad Boll auch, dass sechs k\u00f6rperlich und geistig eingeschr\u00e4nkte Menschen in K\u00fcche und Garten mitarbeiten w\u00fcrden. 60 Mitarbeiter hat die Tagungsst\u00e4tte insgesamt. Es gehe neben der Umwelt auch um soziale Verantwortung, betont Grosdidier.<\/p>\n<p>Besonders stolz ist Grosdidier auf die neue Live-\u00dcbertragungstechnik, die mehr als 200 G\u00e4ste in verschiedenen Tagungsr\u00e4umen vor Ort verbindet. Noch dazu k\u00f6nnten bis zu 1000 weitere Personen teilnehmen und Referenten von weither dazugeschaltet werden. So werde Kohlendioxid vermieden, auch eins der Ziele des Hauses. \u201eWir sind ein Leuchtturmprojekt. Es gibt in Baden-W\u00fcrttemberg h\u00f6chstens zehn Betriebe, die auf diesem technischen Stand arbeiten.\u201c<\/p>\n<p>Vor etwa 20 Jahren begann auch in Bad Boll die Diskussion um M\u00fcllvermeidung, lange Lieferwege und faire Produkte, erinnert sich Marianne Becker. Seitdem gab es viele Workshops, viele Gespr\u00e4che und Diskussionen. \u201eSo waren alle Mitarbeitenden eingebunden\u201c, erz\u00e4hlt Becker. \u201eWir waren uns alle einig, dass wir eine lebenswerte und enkeltaugliche Welt hinterlassen wollen.&#8220; Als kirchliches Haus m\u00fcsse man Vorbild sein, sagt sie. Auch wenn dazu sehr viel mehr Aufwand geh\u00f6re.<\/p>\n<p>In den Jahren seien viele Dinge umgestellt worden, das Haus habe ein klares Profil gewonnen, sagt Grosdidier stolz. \u201eUnd wir haben noch viel vor. Bis Oktober sollen die Beh\u00e4lter f\u00fcr Reinigungsmittel vergr\u00f6\u00dfert und damit PVC-Verpackungsm\u00fcll eingespart werden. Im kommenden Jahr soll der Check-In und die G\u00e4stemappe digital werden. Die Sch\u00f6pfung zu bewahren, ist anstrengend\u201c, sagt Grosdidier. \u201eUnd dennoch befriedigend und erf\u00fcllend.\u201c\u00a0<\/p>\n<p>\u00a0<\/p>\n<p style=\"text-align:right\">Sven Kriszio<\/p>\n<\/p><\/div>\n","protected":false},"excerpt":{"rendered":"<p>Grosdidier holt tief Luft und beginnt, die vielen erfolgreichen Beispiele aufzuz\u00e4hlen, vermeintliche Kleinigkeiten, aber auch gro\u00dfe Projekte: F\u00fcr saubere W\u00e4sche<\/p>\n","protected":false},"author":1,"featured_media":1988,"comment_status":"closed","ping_status":"closed","sticky":false,"template":"","format":"standard","meta":{"footnotes":""},"categories":[20],"tags":[],"_links":{"self":[{"href":"https:\/\/krankenhauspfarramt.de\/index.php\/wp-json\/wp\/v2\/posts\/1987"}],"collection":[{"href":"https:\/\/krankenhauspfarramt.de\/index.php\/wp-json\/wp\/v2\/posts"}],"about":[{"href":"https:\/\/krankenhauspfarramt.de\/index.php\/wp-json\/wp\/v2\/types\/post"}],"author":[{"embeddable":true,"href":"https:\/\/krankenhauspfarramt.de\/index.php\/wp-json\/wp\/v2\/users\/1"}],"replies":[{"embeddable":true,"href":"https:\/\/krankenhauspfarramt.de\/index.php\/wp-json\/wp\/v2\/comments?post=1987"}],"version-history":[{"count":1,"href":"https:\/\/krankenhauspfarramt.de\/index.php\/wp-json\/wp\/v2\/posts\/1987\/revisions"}],"predecessor-version":[{"id":1989,"href":"https:\/\/krankenhauspfarramt.de\/index.php\/wp-json\/wp\/v2\/posts\/1987\/revisions\/1989"}],"wp:featuredmedia":[{"embeddable":true,"href":"https:\/\/krankenhauspfarramt.de\/index.php\/wp-json\/wp\/v2\/media\/1988"}],"wp:attachment":[{"href":"https:\/\/krankenhauspfarramt.de\/index.php\/wp-json\/wp\/v2\/media?parent=1987"}],"wp:term":[{"taxonomy":"category","embeddable":true,"href":"https:\/\/krankenhauspfarramt.de\/index.php\/wp-json\/wp\/v2\/categories?post=1987"},{"taxonomy":"post_tag","embeddable":true,"href":"https:\/\/krankenhauspfarramt.de\/index.php\/wp-json\/wp\/v2\/tags?post=1987"}],"curies":[{"name":"wp","href":"https:\/\/api.w.org\/{rel}","templated":true}]}}