{"id":2004,"date":"2020-09-12T05:24:13","date_gmt":"2020-09-12T05:24:13","guid":{"rendered":"https:\/\/krankenhauspfarramt.de\/index.php\/2020\/09\/12\/weckruf-zu-einer-neuen-humanitaet-in-europa-ekd\/"},"modified":"2020-09-12T05:24:16","modified_gmt":"2020-09-12T05:24:16","slug":"weckruf-zu-einer-neuen-humanitaet-in-europa-ekd","status":"publish","type":"post","link":"https:\/\/krankenhauspfarramt.de\/index.php\/2020\/09\/12\/weckruf-zu-einer-neuen-humanitaet-in-europa-ekd\/","title":{"rendered":"\u201eWeckruf zu einer neuen Humanit\u00e4t in Europa\u201c \u2013 EKD"},"content":{"rendered":"<p> <br \/>\n<\/p>\n<div>\n<p>\u201eDas ist eine dramatische Situation\u201c, betonte Bedford-Strohm. \u201eDie Bilder sprechen eine klare Sprache. Deshalb muss jetzt wirklich schnell gehandelt werden, bevor sich diese Situation noch weiter zuspitzt.\u201c Der EKD-Ratsvorsitzende sprach von einem \u201eWeckruf zu einer neuen Humanit\u00e4t in Europa\u201c. Dabei m\u00fcssten einzelne L\u00e4nder vorangehen. Es k\u00f6nne kein Argument sein, nichts zu tun, wenn nicht alle EU-Staaten mitmachten, unterstrich er.<\/p>\n<p>Nach den Worten von Bundeskanzlerin Angela Merkel (CDU) sind Deutschland und Frankreich miteinander im Gespr\u00e4ch, um minderj\u00e4hrige Fl\u00fcchtlinge aus dem abgebrannten Fl\u00fcchtlingslager Moria auf der griechischen Insel Lesbos aufzunehmen. Sie hoffe, dass auch andere L\u00e4nder dazu bereit seien, sagte Merkel am Donnerstagabend in Berlin. Zur Situation nach dem Brand in dem Lager auf Lesbos gibt Innenminister Horst Seehofer (CSU) am Freitagvormittag eine Pressekonferenz.<\/p>\n<\/p><\/div>\n","protected":false},"excerpt":{"rendered":"<p>\u201eDas ist eine dramatische Situation\u201c, betonte Bedford-Strohm. \u201eDie Bilder sprechen eine klare Sprache. Deshalb muss jetzt wirklich schnell gehandelt werden,<\/p>\n","protected":false},"author":1,"featured_media":2005,"comment_status":"closed","ping_status":"closed","sticky":false,"template":"","format":"standard","meta":{"footnotes":""},"categories":[20],"tags":[],"_links":{"self":[{"href":"https:\/\/krankenhauspfarramt.de\/index.php\/wp-json\/wp\/v2\/posts\/2004"}],"collection":[{"href":"https:\/\/krankenhauspfarramt.de\/index.php\/wp-json\/wp\/v2\/posts"}],"about":[{"href":"https:\/\/krankenhauspfarramt.de\/index.php\/wp-json\/wp\/v2\/types\/post"}],"author":[{"embeddable":true,"href":"https:\/\/krankenhauspfarramt.de\/index.php\/wp-json\/wp\/v2\/users\/1"}],"replies":[{"embeddable":true,"href":"https:\/\/krankenhauspfarramt.de\/index.php\/wp-json\/wp\/v2\/comments?post=2004"}],"version-history":[{"count":1,"href":"https:\/\/krankenhauspfarramt.de\/index.php\/wp-json\/wp\/v2\/posts\/2004\/revisions"}],"predecessor-version":[{"id":2006,"href":"https:\/\/krankenhauspfarramt.de\/index.php\/wp-json\/wp\/v2\/posts\/2004\/revisions\/2006"}],"wp:featuredmedia":[{"embeddable":true,"href":"https:\/\/krankenhauspfarramt.de\/index.php\/wp-json\/wp\/v2\/media\/2005"}],"wp:attachment":[{"href":"https:\/\/krankenhauspfarramt.de\/index.php\/wp-json\/wp\/v2\/media?parent=2004"}],"wp:term":[{"taxonomy":"category","embeddable":true,"href":"https:\/\/krankenhauspfarramt.de\/index.php\/wp-json\/wp\/v2\/categories?post=2004"},{"taxonomy":"post_tag","embeddable":true,"href":"https:\/\/krankenhauspfarramt.de\/index.php\/wp-json\/wp\/v2\/tags?post=2004"}],"curies":[{"name":"wp","href":"https:\/\/api.w.org\/{rel}","templated":true}]}}