{"id":2042,"date":"2020-09-17T07:54:45","date_gmt":"2020-09-17T07:54:45","guid":{"rendered":"https:\/\/krankenhauspfarramt.de\/index.php\/2020\/09\/17\/anregende-lernorte-gestalten-ekd\/"},"modified":"2020-09-17T07:54:46","modified_gmt":"2020-09-17T07:54:46","slug":"anregende-lernorte-gestalten-ekd","status":"publish","type":"post","link":"https:\/\/krankenhauspfarramt.de\/index.php\/2020\/09\/17\/anregende-lernorte-gestalten-ekd\/","title":{"rendered":"Anregende Lernorte gestalten \u2013 EKD"},"content":{"rendered":"<p> <br \/>\n<\/p>\n<div id=\"\">\n<div class=\"article--meta article--meta__border clearfix\">\n<p>                                    <time datetime=\"17.09.2020 08:00\" class=\"article--time\">17.09.2020<\/time><strong class=\"article--type primus--overline\">Pressemitteilung<\/strong><\/p>\n<picture class=\"article--source-image image\"><source srcset=\"https:\/\/ekd.de\/ekd_de\/ds_img\/assets\/20170622_ekd-Quellenlogo_141.png\"><!--<source srcset=\"\/ekd_de\/ds_img\/assets\/20170622_ekd-Quellenlogo_141_rdax_141x59.png 1x, \/ekd_de\/ds_img\/assets\/20170622_ekd-Quellenlogo_141_rdax_282x118.png 2x, https:\/\/ekd.de\/ekd_de\/ds_img\/assets\/20170622_ekd-Quellenlogo_141.png 3x\">--><\/source><\/picture>\n<\/p><\/div>\n<h2 class=\"article--sub-headline primus--sub-headline\">EKD ver\u00f6ffentlicht neuen Kita-Text \u201eKinder in die Mitte\u201c<\/h2>\n<\/p><\/div>\n<div id=\"\">\n<p style=\"margin-bottom:0.0001pt; margin-left:0cm; margin-right:0cm; margin-top:0cm\">Kinder verbringen heute viele Stunden am Tag in professionellen Bildungseinrichtungen. Evangelische Kinderg\u00e4rten, Kindertageseinrichtungen und Familienzentren haben deshalb eine gro\u00dfe Bedeutung und Verantwortung: Im Interesse der Kinder, die hier pr\u00e4gende Jahre erleben, sollten sie anregende Bildungs- und Lebensorte sein, die sich durch starke und innovative Konzepte auszeichnen. Der Rat der Evangelischen Kirche in Deutschland (EKD) ermutigt in seiner jetzt erschienen Handreichung \u201eKinder in die Mitte\u201c Verantwortliche in Kindertagesst\u00e4tten, Tr\u00e4gern, Sozialraum und Kirchengemeinden, diese wichtige Rolle f\u00fcr die fr\u00fche Bildung und religi\u00f6se Sozialisation aktiv und in einem sozialr\u00e4umlichen Netzwerk zu gestalten.<\/p>\n<p style=\"margin-bottom:0.0001pt; margin-left:0cm; margin-right:0cm; margin-top:0cm\">\u00a0<\/p>\n<p style=\"margin-bottom:0.0001pt; margin-left:0cm; margin-right:0cm; margin-top:0cm\"><span style=\"text-autospace:none\">Der Ratsvorsitzende der EKD, Landesbischof Heinrich Bedford-Strohm, hebt in seinem Vorwort die Bedeutung der Arbeit im fr\u00fchkindlichen Bildungsbereich hervor: \u201eDie Kirche w\u00fcrde ihren Auftrag verfehlen, h\u00e4tte sie nicht immer auch das Wohl aller Kinder im Blick. Vor diesem Hintergrund engagiert sich die evangelische Kirche mit ann\u00e4hernd 9.000 Kindertageseinrichtungen mit \u00fcber einer halben Million Pl\u00e4tzen mitten in der Zivilgesellschaft f\u00fcr Kinder.\u201c<\/span><\/p>\n<p style=\"margin-bottom:0.0001pt; margin-left:0cm; margin-right:0cm; margin-top:0cm\">\u00a0<\/p>\n<p style=\"margin-bottom:0.0001pt; margin-left:0cm; margin-right:0cm; margin-top:0cm\"><span style=\"text-autospace:none\">Der von der Kammer der EKD f\u00fcr Bildung und Erziehung, Kinder und Jugend erarbeitete Text betont das Recht auf fr\u00fche Bildung und Religion f\u00fcr alle Kinder. Kinder werden im gesellschaftlichen Diskurs oft unter dem Aspekt eines Betreuungsproblems diskutiert. \u201eHier wird ein Umdenken gefordert: Kinderbetreuung dient nicht in erster Linie der Aufbewahrung von Kindern, vielmehr m\u00fcssen Kindertagesst\u00e4tten als anregende Orte f\u00fcr fr\u00fche Bildung und Erziehung gedacht und konzipiert werden\u201c, so die Kammervorsitzende Prof. Annette Scheunpflug. Die Akteure evangelischer fr\u00fcher Bildungsarbeit w\u00fcrden deshalb ermutigt, die richtigen Weichen zu stellen, um die Qualit\u00e4t und Intensit\u00e4t ihrer Angebote weiterzuentwickeln. Dazu w\u00fcrden im Text konkrete Anregungen gegeben, die sich gezielt an unterschiedliche Entscheidungsebenen richten.<\/span><\/p>\n<p style=\"margin-bottom:0.0001pt; margin-left:0cm; margin-right:0cm; margin-top:0cm\">\u00a0<\/p>\n<p style=\"margin-bottom:0.0001pt; margin-left:0cm; margin-right:0cm; margin-top:0cm\"><span style=\"text-autospace:none\">Die Leiterin der EKD-Bildungsabteilung, Birgit Sendler-Koschel, betont die Relevanz des Textes: \u201e\u2018Kinder in die Mitte!\u2018 ist genau das richtige Motto f\u00fcr evangelische Kindertagesst\u00e4tten. Wo beispielhaft das friedliche Zusammenleben von Kindern verschiedenster Lebenslagen, Religion und Herkunft gelingt, w\u00e4chst in evangelischen Kinderg\u00e4rten gemeinsame Freude am Leben, Respekt f\u00fcr Menschen und Sch\u00f6pfung. Kinder und Eltern sollen Gottes gro\u00dfe, tragende Liebe zu allem Lebendigen erleben k\u00f6nnen.\u201c<\/span><\/p>\n<p style=\"margin-bottom:0.0001pt; margin-left:0cm; margin-right:0cm; margin-top:0cm\">\u00a0<\/p>\n<p style=\"margin-bottom:0.0001pt; margin-left:0cm; margin-right:0cm; margin-top:0cm\"><span style=\"text-autospace:none\">In einem abschlie\u00dfenden Praxisteil bietet das Buch Arbeitsmaterialien, die zum Austausch anregen und Inspirationen f\u00fcr die Praxis bieten sollen. Diese stehen zum kostenlosen Download auf https:\/\/www.ekd.de\/materialien-und-arbeitshilfen-kinder-in-die-mitte-58938.htm zur Verf\u00fcgung.<\/span><\/p>\n<p style=\"margin-bottom:0.0001pt; margin-left:0cm; margin-right:0cm; margin-top:0cm\">\u00a0<\/p>\n<p style=\"margin-bottom:0.0001pt; margin-left:0cm; margin-right:0cm; margin-top:0cm\">Die Publikation \u201eKinder in die Mitte\u201c ist unter folgendem Link abrufbar: https:\/\/www.ekd.de\/ekd_de\/ds_doc\/Kinder_in_die_Mitte_EVA_2020.pdf<\/p>\n<p style=\"margin-bottom:0.0001pt; margin-left:0cm; margin-right:0cm; margin-top:0cm\">\u00a0<\/p>\n<p style=\"margin-bottom:0.0001pt; margin-left:0cm; margin-right:0cm; margin-top:0cm\"><span style=\"text-autospace:none\">Die Themenseite mit allen Informationen finden Sie unter www.ekd.de\/kinderindiemitte<\/span><\/p>\n<p style=\"margin-bottom:0.0001pt; margin-left:0cm; margin-right:0cm; margin-top:0cm\">\u00a0<\/p>\n<p style=\"margin-bottom:0.0001pt; margin-left:0cm; margin-right:0cm; margin-top:0cm\">Hannover, 17.September 2020<\/p>\n<p class=\"EKDFlietext\" style=\"margin-bottom:0.0001pt; margin-left:0cm; margin-right:0cm; margin-top:0cm\">\u00a0<\/p>\n<p class=\"EKDFlietext\" style=\"margin-bottom:0.0001pt; margin-left:0cm; margin-right:0cm; margin-top:0cm\"><span style=\"background-attachment:initial; background-clip:initial; background-image:initial; background-origin:initial; background-position:initial; background-repeat:initial; background-size:initial\">Pressestelle der EKD <\/span><\/p>\n<p class=\"EKDFlietext\" style=\"margin-bottom:0.0001pt; margin-left:0cm; margin-right:0cm; margin-top:0cm\">Annika Lukas<\/p>\n<\/div>\n","protected":false},"excerpt":{"rendered":"<p>17.09.2020Pressemitteilung EKD ver\u00f6ffentlicht neuen Kita-Text \u201eKinder in die Mitte\u201c Kinder verbringen heute viele Stunden am Tag in professionellen Bildungseinrichtungen. Evangelische<\/p>\n","protected":false},"author":1,"featured_media":569,"comment_status":"closed","ping_status":"closed","sticky":false,"template":"","format":"standard","meta":{"footnotes":""},"categories":[20],"tags":[],"_links":{"self":[{"href":"https:\/\/krankenhauspfarramt.de\/index.php\/wp-json\/wp\/v2\/posts\/2042"}],"collection":[{"href":"https:\/\/krankenhauspfarramt.de\/index.php\/wp-json\/wp\/v2\/posts"}],"about":[{"href":"https:\/\/krankenhauspfarramt.de\/index.php\/wp-json\/wp\/v2\/types\/post"}],"author":[{"embeddable":true,"href":"https:\/\/krankenhauspfarramt.de\/index.php\/wp-json\/wp\/v2\/users\/1"}],"replies":[{"embeddable":true,"href":"https:\/\/krankenhauspfarramt.de\/index.php\/wp-json\/wp\/v2\/comments?post=2042"}],"version-history":[{"count":1,"href":"https:\/\/krankenhauspfarramt.de\/index.php\/wp-json\/wp\/v2\/posts\/2042\/revisions"}],"predecessor-version":[{"id":2043,"href":"https:\/\/krankenhauspfarramt.de\/index.php\/wp-json\/wp\/v2\/posts\/2042\/revisions\/2043"}],"wp:featuredmedia":[{"embeddable":true,"href":"https:\/\/krankenhauspfarramt.de\/index.php\/wp-json\/wp\/v2\/media\/569"}],"wp:attachment":[{"href":"https:\/\/krankenhauspfarramt.de\/index.php\/wp-json\/wp\/v2\/media?parent=2042"}],"wp:term":[{"taxonomy":"category","embeddable":true,"href":"https:\/\/krankenhauspfarramt.de\/index.php\/wp-json\/wp\/v2\/categories?post=2042"},{"taxonomy":"post_tag","embeddable":true,"href":"https:\/\/krankenhauspfarramt.de\/index.php\/wp-json\/wp\/v2\/tags?post=2042"}],"curies":[{"name":"wp","href":"https:\/\/api.w.org\/{rel}","templated":true}]}}