{"id":2058,"date":"2020-09-21T12:50:26","date_gmt":"2020-09-21T12:50:26","guid":{"rendered":"https:\/\/krankenhauspfarramt.de\/index.php\/2020\/09\/21\/pfaelzische-landessynode-waehlt-oberkirchenraetin-dorothee-wuest-zur-neuen-kirchenpraesidentin-ekd\/"},"modified":"2020-09-21T12:50:28","modified_gmt":"2020-09-21T12:50:28","slug":"pfaelzische-landessynode-waehlt-oberkirchenraetin-dorothee-wuest-zur-neuen-kirchenpraesidentin-ekd","status":"publish","type":"post","link":"https:\/\/krankenhauspfarramt.de\/index.php\/2020\/09\/21\/pfaelzische-landessynode-waehlt-oberkirchenraetin-dorothee-wuest-zur-neuen-kirchenpraesidentin-ekd\/","title":{"rendered":"Pf\u00e4lzische Landessynode w\u00e4hlt Oberkirchenr\u00e4tin Dorothee W\u00fcst zur neuen Kirchenpr\u00e4sidentin \u2013 EKD"},"content":{"rendered":"<p> <br \/>\n<\/p>\n<div id=\"\">\n<p>Speyer\/Kaiserslautern (epd).\u00a0Erstmals wird eine Kirchenpr\u00e4sidentin die Evangelische Kirche der\u00a0Pfalz\u00a0in den kommenden sieben Jahren repr\u00e4sentieren: Oberkirchenr\u00e4tin Dorothee W\u00fcst (55) aus Kaiserslautern wurde am Samstagabend im dritten Wahlgang mit 36 von 68 Stimmen bei einer Sondersynode in der Speyerer Stadthalle als Nachfolgerin von Kirchenpr\u00e4sident Christian Schad gew\u00e4hlt.<\/p>\n<p><span style=\"line-height:107%\">Der Ratsvorsitzende der EKD, Bischof Heinrich Bedford-Strohm, gratulierte: \u201eZur Wahl zur ersten Kirchenpr\u00e4sidentin in der Evangelischen Kirche in der Pfalz gratuliere ich Dorothee W\u00fcst von Herzen. Als Oberkirchenr\u00e4tin f\u00fcr Schul- und\u00a0 Bildungsfragen und Gebietsdezernentin wei\u00df Sie, an welchen Stellen Ver\u00e4nderungen in der Kirche notwendig sind, um als Kirche Zukunft gestalten zu k\u00f6nnen. Ich freue mich auf die Zusammenarbeit in der EKD\u201c.<\/span><\/p>\n<p>Die Bildungsdezernentin setzte sich gegen zwei Mitbewerber durch: Oberkirchenr\u00e4tin Marianne Wagner (58), die als Dezernentin f\u00fcr das theologische Personal und Planungsfragen zust\u00e4ndig ist, und den pf\u00e4lzischen Diakoniepfarrer Albrecht B\u00e4hr (59). Die Wahl war notwendig geworden, weil Kirchenpr\u00e4sident Schad, der auch der Union Evangelischer Kirchen (UEK) vorsteht, Ende Februar 2021 in den Ruhestand geht.<\/p>\n<p>Mit Dorothee W\u00fcst entschieden sich die Synodalen f\u00fcr eine Praktikerin mit Leitungserfahrung in der Gemeindearbeit, die den Menschen auf Augenh\u00f6he begegnen m\u00f6chte. W\u00fcst war Pfarrerin in Kaiserslautern und in Weilerbach sowie ab 2012 Dekanin in Kaiserslautern, bevor sie 2018 zur Oberkirchenr\u00e4tin gew\u00e4hlt wurde.<\/p>\n<p>Die Kirche brauche in ihrer Krise dringend Visionen und Kraft f\u00fcr Ver\u00e4nderungen f\u00fcr eine gute Zukunft, ermunterte W\u00fcst in ihrer Vorstellungsrede vor der Synode. Nur mit Begeisterung und Gottvertrauen k\u00f6nne die Kirche einen Wandel gestalten und ihren Platz in der Gesellschaft bewahren. Als Kirchenpr\u00e4sidentin setze sie auf einen kooperativen F\u00fchrungsstil, der alle Menschen mitnehme, k\u00fcndigte W\u00fcst an. &#8222;Wir denken nicht von oben, sondern von unten. Wir denken nicht f\u00fcr andere, sondern mit anderen&#8220;, umriss sie ihren &#8222;Traum von Kirche&#8220;, in der &#8222;alle an einem Strang ziehen&#8220;.<\/p>\n<p>Die Kirche m\u00fcsse theologisch fundierte Positionen haben, die sie in die Gesellschaft hineintrage, sagte W\u00fcst. Kirche wolle &#8222;R\u00e4ume f\u00fcr Verst\u00e4ndigung&#8220; bieten und f\u00fcr arme, schwache und vergessene Menschen eintreten. Im \u00f6kumenischen Miteinander mit anderen christlichen Kirchen gelte es, &#8222;weiter Grenzen zu verschieben, aber auch Unterschiede auszuhalten&#8220;. Die Digitalisierung sieht W\u00fcst als eine Chance, die Stimme der Kirche besser in die \u00d6ffentlichkeit zu tragen. Der Apostel Paulus h\u00e4tte sicher keine Briefe geschrieben, &#8222;wenn er E-Mails h\u00e4tte schicken k\u00f6nnen&#8220;, sagte sie.<\/p>\n<p>Angesichts gro\u00dfer Herausforderungen f\u00fcr die Kirche, vor allem schwindender Mitgliedszahlen und des wachsenden Spardrucks, soll die neue Kirchenpr\u00e4sidentin einen m\u00f6glichst breiten Konsens in der Landeskirche organisieren. Mit der Wahl von W\u00fcst als neue Kirchenpr\u00e4sidentin sowie von Bettina Wilhelm als neue juristische Oberkirchenr\u00e4tin in der Nachfolge von Oberkirchenrat Dieter Lutz steigt auch der Einfluss von Frauen in der Kirchenleitung in Speyer. Die Evangelische Kirche der\u00a0Pfalz\u00a0hat knapp 500.000 Mitglieder in mehr als 400 Kirchengemeinden in 15 Kirchenbezirken.<\/p>\n<p>Dorothee W\u00fcst wurde in Pirmasens geboren und studierte nach dem Abitur Evangelische Theologie in Mainz und Heidelberg. Ihr Vikariat leistete sie an zwei Schulen, in der Kirchengemeinde Imsbach mit Alsenbr\u00fcck-Langmeil im Dekanat an Alsenz und Lauter sowie in der \u00d6ffentlichkeitsarbeit der BASF in Ludwigshafen ab. Seit 1996 hat sie eine Beauftragung f\u00fcr Verk\u00fcndigung im Rundfunk bei SWR3. W\u00fcst ist verheiratet und hat eine Tochter.<br \/>\u00a0<\/p>\n<p>Weitere Informationen zur Wahl der Kirchenpr\u00e4sidentin in der Ev. Kirche der Pfalz<\/p>\n<\/div>\n","protected":false},"excerpt":{"rendered":"<p>Speyer\/Kaiserslautern (epd).\u00a0Erstmals wird eine Kirchenpr\u00e4sidentin die Evangelische Kirche der\u00a0Pfalz\u00a0in den kommenden sieben Jahren repr\u00e4sentieren: Oberkirchenr\u00e4tin Dorothee W\u00fcst (55) aus Kaiserslautern<\/p>\n","protected":false},"author":1,"featured_media":2059,"comment_status":"closed","ping_status":"closed","sticky":false,"template":"","format":"standard","meta":{"footnotes":""},"categories":[20],"tags":[],"_links":{"self":[{"href":"https:\/\/krankenhauspfarramt.de\/index.php\/wp-json\/wp\/v2\/posts\/2058"}],"collection":[{"href":"https:\/\/krankenhauspfarramt.de\/index.php\/wp-json\/wp\/v2\/posts"}],"about":[{"href":"https:\/\/krankenhauspfarramt.de\/index.php\/wp-json\/wp\/v2\/types\/post"}],"author":[{"embeddable":true,"href":"https:\/\/krankenhauspfarramt.de\/index.php\/wp-json\/wp\/v2\/users\/1"}],"replies":[{"embeddable":true,"href":"https:\/\/krankenhauspfarramt.de\/index.php\/wp-json\/wp\/v2\/comments?post=2058"}],"version-history":[{"count":1,"href":"https:\/\/krankenhauspfarramt.de\/index.php\/wp-json\/wp\/v2\/posts\/2058\/revisions"}],"predecessor-version":[{"id":2060,"href":"https:\/\/krankenhauspfarramt.de\/index.php\/wp-json\/wp\/v2\/posts\/2058\/revisions\/2060"}],"wp:featuredmedia":[{"embeddable":true,"href":"https:\/\/krankenhauspfarramt.de\/index.php\/wp-json\/wp\/v2\/media\/2059"}],"wp:attachment":[{"href":"https:\/\/krankenhauspfarramt.de\/index.php\/wp-json\/wp\/v2\/media?parent=2058"}],"wp:term":[{"taxonomy":"category","embeddable":true,"href":"https:\/\/krankenhauspfarramt.de\/index.php\/wp-json\/wp\/v2\/categories?post=2058"},{"taxonomy":"post_tag","embeddable":true,"href":"https:\/\/krankenhauspfarramt.de\/index.php\/wp-json\/wp\/v2\/tags?post=2058"}],"curies":[{"name":"wp","href":"https:\/\/api.w.org\/{rel}","templated":true}]}}