{"id":2072,"date":"2020-09-23T09:51:31","date_gmt":"2020-09-23T09:51:31","guid":{"rendered":"https:\/\/krankenhauspfarramt.de\/index.php\/2020\/09\/23\/kirchen-gegen-verfahren-an-aussengrenzen-ekd\/"},"modified":"2020-09-23T09:51:32","modified_gmt":"2020-09-23T09:51:32","slug":"kirchen-gegen-verfahren-an-aussengrenzen-ekd","status":"publish","type":"post","link":"https:\/\/krankenhauspfarramt.de\/index.php\/2020\/09\/23\/kirchen-gegen-verfahren-an-aussengrenzen-ekd\/","title":{"rendered":"Kirchen gegen Verfahren an Au\u00dfengrenzen \u2013 EKD"},"content":{"rendered":"<p> <br \/>\n<\/p>\n<div>\n<p>Die EU-Kommission will am Mittwoch in Br\u00fcssel ihre Pl\u00e4ne vorstellen, deren Kernst\u00fcck eine Reform des Dublin-Systems sein d\u00fcrfte. Seit einiger Zeit ist ein neues Konzept im Gespr\u00e4ch. Danach w\u00fcrden an den EU-Au\u00dfengrenzen Asylverfahren oder Vorpr\u00fcfungen stattfinden, gefolgt von einer Umverteilung von Schutzsuchenden auf andere EU-L\u00e4nder.<\/p>\n<p>F\u00fcr eine Reform des Dublin-Systems sind die Kirchenvertreter ebenfalls. An Aufnahme und Integration Schutzsuchender m\u00fcssten sich alle EU-Staaten beteiligen. Mit Blick auf die Feuer im Fl\u00fcchtlingslager Moria auf Lesbos kritisieren die Christen tiefer liegendes Unrecht: Die EU und ihre Mitgliedstaaten w\u00fcrden internationale Verpflichtungen zum Fl\u00fcchtlingsschutz und zu den Menschenrechten nicht erf\u00fcllen.<\/p>\n<p>Der offene Brief greift auch die Berichterstattung der Medien auf. Die Presse sollte Migranten und Fl\u00fcchtlinge die Chance geben, ihre Geschichte zu erz\u00e4hlen, sowie Stereotype und zu grobe Vereinfachungen unterlassen, fordern die Kirchenvertreter.<\/p>\n<h3>Diakonie: Keine Abstriche im Fl\u00fcchtlingsschutz<\/h3>\n<p>Kurz vor der Vorstellung des neuen Asyl- und Migrationspakts der EU-Kommission hat auch die Diakonie Deutschland davor gewarnt, Abstriche auf Kosten von Fl\u00fcchtlingen zu machen. Diese schutzlos zu lassen oder sie in vermeintlich sichere Drittstaaten zur\u00fcckzuschicken, sei unsolidarisch und ein geopolitischer Irrweg, sagte Maria Loheide, Vorstand Sozialpolitik der Diakonie, am Mittwoch in Berlin und verwies auf die Grundrechtecharta der EU und die Genfer Fl\u00fcchtlingskonvention.<\/p>\n<p>\u201eWas wir brauchen, ist neben einer starken, friedenspolitisch orientierten Au\u00dfenpolitik ein gemeinsames Bekenntnis zur Aufnahme von Fl\u00fcchtlingen in Europa \u2013\u00a0f\u00fcr solche, die an unseren Grenzen stranden und aus den Fl\u00fcchtlingslagern dieser Welt kommen\u201c, sagte Loheide. Menschenunw\u00fcrdig sei es dagegen, Menschen auf der Flucht in Au\u00dfengrenzeinrichtungen einzusperren und L\u00e4ndern wie Griechenland die Verantwortung f\u00fcr die Durchf\u00fchrung der Asylverfahren in allen Instanzen zu \u00fcberlassen.<\/p>\n<hr\/>\n<p><em>Die EU-Kommission stellt am 23. September\u00a0in Br\u00fcssel ihre Pl\u00e4ne f\u00fcr eine neue europ\u00e4ische Asyl- und Migrationspolitik vor. Kernst\u00fcck der Vorschl\u00e4ge d\u00fcrfte eine Reform des Dublin-Systems sein. Derzeit ist meist das Land der ersten Einreise f\u00fcr das Asylverfahren und die anschlie\u00dfende Unterbringung der Menschen zust\u00e4ndig. Im Gespr\u00e4ch ist seit einiger Zeit, Asylverfahren oder Vorpr\u00fcfungen an den Au\u00dfengrenzen vorzunehmen und Schutzsuchende mit Bleibeperspektive danach auf andere EU-L\u00e4nder umzuverteilen.<\/em><\/p>\n<\/p><\/div>\n","protected":false},"excerpt":{"rendered":"<p>Die EU-Kommission will am Mittwoch in Br\u00fcssel ihre Pl\u00e4ne vorstellen, deren Kernst\u00fcck eine Reform des Dublin-Systems sein d\u00fcrfte. Seit einiger<\/p>\n","protected":false},"author":1,"featured_media":1602,"comment_status":"closed","ping_status":"closed","sticky":false,"template":"","format":"standard","meta":{"footnotes":""},"categories":[20],"tags":[],"_links":{"self":[{"href":"https:\/\/krankenhauspfarramt.de\/index.php\/wp-json\/wp\/v2\/posts\/2072"}],"collection":[{"href":"https:\/\/krankenhauspfarramt.de\/index.php\/wp-json\/wp\/v2\/posts"}],"about":[{"href":"https:\/\/krankenhauspfarramt.de\/index.php\/wp-json\/wp\/v2\/types\/post"}],"author":[{"embeddable":true,"href":"https:\/\/krankenhauspfarramt.de\/index.php\/wp-json\/wp\/v2\/users\/1"}],"replies":[{"embeddable":true,"href":"https:\/\/krankenhauspfarramt.de\/index.php\/wp-json\/wp\/v2\/comments?post=2072"}],"version-history":[{"count":1,"href":"https:\/\/krankenhauspfarramt.de\/index.php\/wp-json\/wp\/v2\/posts\/2072\/revisions"}],"predecessor-version":[{"id":2073,"href":"https:\/\/krankenhauspfarramt.de\/index.php\/wp-json\/wp\/v2\/posts\/2072\/revisions\/2073"}],"wp:featuredmedia":[{"embeddable":true,"href":"https:\/\/krankenhauspfarramt.de\/index.php\/wp-json\/wp\/v2\/media\/1602"}],"wp:attachment":[{"href":"https:\/\/krankenhauspfarramt.de\/index.php\/wp-json\/wp\/v2\/media?parent=2072"}],"wp:term":[{"taxonomy":"category","embeddable":true,"href":"https:\/\/krankenhauspfarramt.de\/index.php\/wp-json\/wp\/v2\/categories?post=2072"},{"taxonomy":"post_tag","embeddable":true,"href":"https:\/\/krankenhauspfarramt.de\/index.php\/wp-json\/wp\/v2\/tags?post=2072"}],"curies":[{"name":"wp","href":"https:\/\/api.w.org\/{rel}","templated":true}]}}