{"id":2100,"date":"2020-09-25T19:47:16","date_gmt":"2020-09-25T19:47:16","guid":{"rendered":"https:\/\/krankenhauspfarramt.de\/index.php\/2020\/09\/25\/praemierung-sichtbar-evangelisch-der-evangelischen-schulstiftung-in-hannover-ekd\/"},"modified":"2020-09-25T19:47:17","modified_gmt":"2020-09-25T19:47:17","slug":"praemierung-sichtbar-evangelisch-der-evangelischen-schulstiftung-in-hannover-ekd","status":"publish","type":"post","link":"https:\/\/krankenhauspfarramt.de\/index.php\/2020\/09\/25\/praemierung-sichtbar-evangelisch-der-evangelischen-schulstiftung-in-hannover-ekd\/","title":{"rendered":"Pr\u00e4mierung \u201eSichtbar Evangelisch\u201c der Evangelischen Schulstiftung in Hannover \u2013 EKD"},"content":{"rendered":"<p> <br \/>\n<\/p>\n<div>\n<p>Die Johannes-Diakonie in Schwarzach erhielt zus\u00e4tzlich einen Sonderpreis f\u00fcr eine besonders bemerkenswerte Umsetzung des Themas \u201eWie der Mensch zum Menschen wird\u201c. Zus\u00e4tzlich zu der Pr\u00e4mierung fand auch die W\u00fcrdigung von weiteren sieben evangelischen Schulen des in 2020 gef\u00f6rderten Programms \u201e7 x 7 Inklusion kommunizieren\u201c statt. Insgesamt konnte die Stiftung auf 41 Bewerbungen f\u00fcr \u201eSichtbar Evangelisch\u201c zur\u00fcckgreifen, die die Vielfalt und das Engagement von evangelischen Schulen in beeindruckender Weise wiederspiegeln.<\/p>\n<h3>Profil Evangelischer Schulen sch\u00e4rfen<\/h3>\n<p>Die Stiftung hatte Anfang des Jahres dazu aufgerufen, Lernsettings einzureichen, die junge Menschen in der Ausbildung ihrer Pers\u00f6nlichkeit st\u00e4rken sowie Selbstwirksamkeit und Verantwortungs\u00fcbernahme f\u00f6rdern. Viele evangelische Schulen verfolgen ein sehr ganzheitliches Bildungskonzept, dass junge Menschen vor allem als Pers\u00f6nlichkeiten st\u00e4rken m\u00f6chte.<\/p>\n<p>Die 13-k\u00f6pfige Jury nahm sich viel Zeit, auf Grundlage verschiedener Kriterien die bestm\u00f6gliche Auswahl zu treffen. In diesem Zusammenhang erwies sich die Ber\u00fccksichtigung von spirituellen Grundbed\u00fcrfnissen, die Einbindung von Sch\u00fclern und Sch\u00fclerinnen ebenso wie die Nachhaltigkeit und Wirkm\u00e4chtigkeit als besonders argumentationsstark. Bemerkenswert sei \u201eder rote Faden der Menschlichkeit und der Mitmenschlichkeit, der sich durch alle eingereichten Projekte zog\u201c, so Wolfgang von Rechenberg, Vorstandsvorsitzender der Evangelischen Schulstiftung in der EKD. Die Jury setzte sich neben Verantwortungstr\u00e4gern aus dem evangelischen Schulwesen aus Experten aus Wissenschaft und Forschung, Schulleitern, Schulprozessentwicklern sowie Theologen zusammen.<\/p>\n<p>Die Evangelische Schulstiftung beabsichtigt, mit dem sich wiederholenden Ausschreibungsformat das religi\u00f6se Wirkungsfeld von evangelischen Schulen deutlicher in den Fokus zu r\u00fccken, damit das Profil der Schulen gesch\u00e4rft wird. Dar\u00fcber hinaus ist eine Ver\u00f6ffentlichung geplant, die dem Leser ausgew\u00e4hlte Beispiele aus den zahlreichen und vielf\u00e4ltigen Einsendungen der Ausschreibung \u201eSichtbar Evangelisch\u201c zur Verf\u00fcgung stellt.<\/p>\n<hr\/>\n<p><em>Die Evangelische Schulstiftung in der EKD f\u00f6rdert gesamtgesellschaftliche Verantwortungsprozesse, unterst\u00fctzt das protestantische Sinn- und Wertegef\u00fcge und sorgt f\u00fcr p\u00e4dagogische Qualit\u00e4t und Innovation an evangelischen Schulen. Seit 1994 unterst\u00fctzt die Stiftung das evangelische Schulwesen in der Bundesrepublik Deutschland. Sie nimmt so christliche Erziehungs- und Bildungsverantwortung wahr und gibt dabei Impulse f\u00fcr die Gestaltung einer fortschrittlichen Schulentwicklung. In Deutschland wurden mit Unterst\u00fctzung der Evangelischen Schulstiftung in der EKD bereits 133 evangelische Schulen neu gegr\u00fcndet.<\/em><\/p>\n<\/p><\/div>\n","protected":false},"excerpt":{"rendered":"<p>Die Johannes-Diakonie in Schwarzach erhielt zus\u00e4tzlich einen Sonderpreis f\u00fcr eine besonders bemerkenswerte Umsetzung des Themas \u201eWie der Mensch zum Menschen<\/p>\n","protected":false},"author":1,"featured_media":2101,"comment_status":"closed","ping_status":"closed","sticky":false,"template":"","format":"standard","meta":{"footnotes":""},"categories":[20],"tags":[],"_links":{"self":[{"href":"https:\/\/krankenhauspfarramt.de\/index.php\/wp-json\/wp\/v2\/posts\/2100"}],"collection":[{"href":"https:\/\/krankenhauspfarramt.de\/index.php\/wp-json\/wp\/v2\/posts"}],"about":[{"href":"https:\/\/krankenhauspfarramt.de\/index.php\/wp-json\/wp\/v2\/types\/post"}],"author":[{"embeddable":true,"href":"https:\/\/krankenhauspfarramt.de\/index.php\/wp-json\/wp\/v2\/users\/1"}],"replies":[{"embeddable":true,"href":"https:\/\/krankenhauspfarramt.de\/index.php\/wp-json\/wp\/v2\/comments?post=2100"}],"version-history":[{"count":1,"href":"https:\/\/krankenhauspfarramt.de\/index.php\/wp-json\/wp\/v2\/posts\/2100\/revisions"}],"predecessor-version":[{"id":2102,"href":"https:\/\/krankenhauspfarramt.de\/index.php\/wp-json\/wp\/v2\/posts\/2100\/revisions\/2102"}],"wp:featuredmedia":[{"embeddable":true,"href":"https:\/\/krankenhauspfarramt.de\/index.php\/wp-json\/wp\/v2\/media\/2101"}],"wp:attachment":[{"href":"https:\/\/krankenhauspfarramt.de\/index.php\/wp-json\/wp\/v2\/media?parent=2100"}],"wp:term":[{"taxonomy":"category","embeddable":true,"href":"https:\/\/krankenhauspfarramt.de\/index.php\/wp-json\/wp\/v2\/categories?post=2100"},{"taxonomy":"post_tag","embeddable":true,"href":"https:\/\/krankenhauspfarramt.de\/index.php\/wp-json\/wp\/v2\/tags?post=2100"}],"curies":[{"name":"wp","href":"https:\/\/api.w.org\/{rel}","templated":true}]}}