{"id":2103,"date":"2020-09-25T23:51:30","date_gmt":"2020-09-25T23:51:30","guid":{"rendered":"https:\/\/krankenhauspfarramt.de\/index.php\/2020\/09\/25\/seelsorge-in-heimen-muss-immer-moeglich-sein-ekd\/"},"modified":"2020-09-25T23:51:32","modified_gmt":"2020-09-25T23:51:32","slug":"seelsorge-in-heimen-muss-immer-moeglich-sein-ekd","status":"publish","type":"post","link":"https:\/\/krankenhauspfarramt.de\/index.php\/2020\/09\/25\/seelsorge-in-heimen-muss-immer-moeglich-sein-ekd\/","title":{"rendered":"Seelsorge in Heimen muss immer m\u00f6glich sein \u2013 EKD"},"content":{"rendered":"<p> <br \/>\n<\/p>\n<div>\n<p>In einer ersten \u201eSchockphase\u201c im Fr\u00fchjahr seien die Krankenh\u00e4user und Einrichtungen v\u00f6llig dichtgemacht worden, zum Teil auch f\u00fcr Seelsorgerinnen und Seelsorger. Zwar h\u00e4tten diese immer einen rechtlichen Anspruch auf Zugang gehabt. Dennoch kenne er Einrichtungen, in die niemand reingekommen ist, sagte Jung. Andernorts seien Seelsorger auch auf Covid-19-Stationen t\u00e4tig gewesen.<\/p>\n<h3>Digitalisierungsschub f\u00fcr die Kirche<\/h3>\n<p>\u201eCorona hat einen Digitalisierungsschub f\u00fcr die Kirche gebracht\u201c, blickte der Theologe, der im Rat der Evangelischen Kirche in Deutschland (EKD) f\u00fcr Medienthemen zust\u00e4ndig ist, auf die vergangenen Monate zur\u00fcck. Vieles sei in der Zeit der strengen Kontaktbeschr\u00e4nkungen nur mit Hilfe digitaler Angebote aufrechtzuerhalten gewesen.<\/p>\n<p>Gleichwohl best\u00fcnden weiterhin Kommunikationshindernisse. Beim Kontakt zu Menschen, die sich im Internet f\u00fcr Kirche interessieren und Informationen suchen, gebe es Verbesserungsbedarf. \u201eAktiv in die Kommunikation zu treten, das bekommen wir im Moment nicht hin\u201c, sagte Jung bei dem digital veranstalteten AEU-Jahresempfang.<\/p>\n<p>Aus Sicht des evangelischen Medienbischofs sollte Digitalisierung in der Kirche nicht allein mit dem Ziel von Einsparungen verfolgt werden. Digitalisierung biete die M\u00f6glichkeit, Kirche weiterzuentwickeln.<\/p>\n<hr\/>\n<p><em>Der 1966 gegr\u00fcndete Arbeitskreis\u00a0Evangelischer Unternehmer (AEU) versteht sich als Netzwerk protestantischer Unternehmer, Manager und F\u00fchrungskr\u00e4fte. Zu seinen Aufgaben geh\u00f6ren der Dialog mit Kirchenleitenden, die Organisation von fachlichem Austausch sowie Angebote zur Glaubensvergewisserung f\u00fcr die Mitglieder.<\/em><\/p>\n<\/p><\/div>\n","protected":false},"excerpt":{"rendered":"<p>In einer ersten \u201eSchockphase\u201c im Fr\u00fchjahr seien die Krankenh\u00e4user und Einrichtungen v\u00f6llig dichtgemacht worden, zum Teil auch f\u00fcr Seelsorgerinnen und<\/p>\n","protected":false},"author":1,"featured_media":2104,"comment_status":"closed","ping_status":"closed","sticky":false,"template":"","format":"standard","meta":{"footnotes":""},"categories":[20],"tags":[],"_links":{"self":[{"href":"https:\/\/krankenhauspfarramt.de\/index.php\/wp-json\/wp\/v2\/posts\/2103"}],"collection":[{"href":"https:\/\/krankenhauspfarramt.de\/index.php\/wp-json\/wp\/v2\/posts"}],"about":[{"href":"https:\/\/krankenhauspfarramt.de\/index.php\/wp-json\/wp\/v2\/types\/post"}],"author":[{"embeddable":true,"href":"https:\/\/krankenhauspfarramt.de\/index.php\/wp-json\/wp\/v2\/users\/1"}],"replies":[{"embeddable":true,"href":"https:\/\/krankenhauspfarramt.de\/index.php\/wp-json\/wp\/v2\/comments?post=2103"}],"version-history":[{"count":1,"href":"https:\/\/krankenhauspfarramt.de\/index.php\/wp-json\/wp\/v2\/posts\/2103\/revisions"}],"predecessor-version":[{"id":2105,"href":"https:\/\/krankenhauspfarramt.de\/index.php\/wp-json\/wp\/v2\/posts\/2103\/revisions\/2105"}],"wp:featuredmedia":[{"embeddable":true,"href":"https:\/\/krankenhauspfarramt.de\/index.php\/wp-json\/wp\/v2\/media\/2104"}],"wp:attachment":[{"href":"https:\/\/krankenhauspfarramt.de\/index.php\/wp-json\/wp\/v2\/media?parent=2103"}],"wp:term":[{"taxonomy":"category","embeddable":true,"href":"https:\/\/krankenhauspfarramt.de\/index.php\/wp-json\/wp\/v2\/categories?post=2103"},{"taxonomy":"post_tag","embeddable":true,"href":"https:\/\/krankenhauspfarramt.de\/index.php\/wp-json\/wp\/v2\/tags?post=2103"}],"curies":[{"name":"wp","href":"https:\/\/api.w.org\/{rel}","templated":true}]}}