{"id":2106,"date":"2020-09-28T10:09:10","date_gmt":"2020-09-28T10:09:10","guid":{"rendered":"https:\/\/krankenhauspfarramt.de\/index.php\/2020\/09\/28\/zusammen-leben-zusammen-wachsen-ekd\/"},"modified":"2020-09-28T10:09:12","modified_gmt":"2020-09-28T10:09:12","slug":"zusammen-leben-zusammen-wachsen-ekd","status":"publish","type":"post","link":"https:\/\/krankenhauspfarramt.de\/index.php\/2020\/09\/28\/zusammen-leben-zusammen-wachsen-ekd\/","title":{"rendered":"\u201eZusammen leben, zusammen wachsen.\u201c \u2013 EKD"},"content":{"rendered":"<p> <br \/>\n<\/p>\n<div id=\"\">\n<div class=\"article--meta article--meta__border clearfix\">\n<p>                                    <time datetime=\"27.09.2020 17:00\" class=\"article--time\">27.09.2020<\/time><strong class=\"article--type primus--overline\">Pressemitteilung<\/strong><\/p>\n<picture class=\"article--source-image image\"><source srcset=\"https:\/\/ekd.de\/ekd_de\/ds_img\/assets\/20170622_ekd-Quellenlogo_141.png\"><!--<source srcset=\"\/ekd_de\/ds_img\/assets\/20170622_ekd-Quellenlogo_141_rdax_141x59.png 1x, \/ekd_de\/ds_img\/assets\/20170622_ekd-Quellenlogo_141_rdax_282x118.png 2x, https:\/\/ekd.de\/ekd_de\/ds_img\/assets\/20170622_ekd-Quellenlogo_141.png 3x\">--><\/source><\/picture>\n<\/p><\/div>\n<h2 class=\"article--sub-headline primus--sub-headline\">Interkulturelle Woche 2020 mit \u00f6kumenischem Gottesdienst  in M\u00fcnchen er\u00f6ffnet<\/h2>\n<\/p><\/div>\n<div id=\"\">\n<p>Mit einem \u00f6kumenischen Gottesdienst im Dom \u201eZu Unserer Lieben Frau\u201c (Frauenkirche) in M\u00fcnchen ist heute (27. September 2020) die 45. Interkulturelle Woche (IKW) er\u00f6ffnet worden. Der \u00f6kumenische Gottesdienst wurde unter anderem gestaltet vom Ratsvorsitzenden der Evangelischen Kirche in Deutschland (EKD), Landesbischof Heinrich Bedford-Strohm, sowie dem Erzbischof von M\u00fcnchen und Freising, Kardinal Reinhard Marx, und Metropolit Augoustinos von Deutschland, Vorsitzender der Orthodoxen Bischofskonferenz.<\/p>\n<p>In seiner Einf\u00fchrung in den Gottesdienst erinnerte Kardinal Marx an den 40. Jahrestag des Attentats auf das M\u00fcnchner Oktoberfest vor 40 Jahren, am 26. September 1980: \u201eDreizehn Menschen starben, viele Verletzte leiden bis heute, der Schock \u00fcber diesen Terroranschlag ist in dieser Stadt immer noch gro\u00df. Heute wissen wir um den rechtsradikalen Hintergrund, den Fremdenhass, den menschenverachtenden Nationalismus, die dieses Verbrechen angetrieben haben. Dieser Gottesdienst und diese Interkulturelle Woche sollen auch ein Zeichen sein gegen Hass, Antisemitismus, die Verachtung anderer, nationalistische Hetze. Wir Christen wissen, wo wir stehen m\u00fcssen: bei denen, die aufstehen gegen jeden Hass und gegen Rassismus und menschenverachtendes Reden und Handeln\u201c, so Kardinal Marx.<\/p>\n<p>In seiner Predigt kn\u00fcpfte Landesbischof Heinrich Bedford-Strohm an das Leitwort der Interkulturellen Woche an. Er verstehe das Motto \u201eZusammen leben, zusammen wachsen\u201c als einen Prozess des Lernens und Teilens. \u201eWir alle sind Teil der Menschheitsfamilie, die mit Vielfalt und Verschiedenheit beschenkt ist, aber gemeinsam unterwegs ist\u201c, so Bedford-Strohm. \u201eAber: Wir sind noch l\u00e4ngst nicht am Ziel. Misstrauen, Hass und Gewalt bedrohen das, was unsere Vielfalt auszeichnet. Wir erleben Rassismus und Ausgrenzung von Menschen auf eine Weise, die wir uns nicht haben vorstellen k\u00f6nnen, in unserem Land, in Europa und an seinen Grenzen. Als Christinnen und Christen stellen wir uns an die Seite derer, die in Gefahr sind.\u201c Die Veranstaltungen der IKW und der Einsatz und die Kreativit\u00e4t von so vielen Menschen im ganzen Land seien \u201eein Leuchtfeuer f\u00fcr das, was wir sein k\u00f6nnen: eine Gemeinschaft der vielen, f\u00fcr die jeder gleicherma\u00dfen wichtig ist. Ich m\u00f6chte deshalb dem Motto \u201aZusammen leben, zusammen wachsen\u2018 ein Drittes hinzuf\u00fcgen: \u2018Beieinander bleiben.\u2018 Das ist heute dringend notwendig. Dazu ruft Gott uns, und dazu gibt er uns auch die Kraft\u201c, sagte Bedford-Strohm.<\/p>\n<p>Im Gemeinsamen Wort der Kirchen zur Interkulturellen Woche 2020 haben der Vorsitzende der Deutschen Bischofskonferenz, Bischof Dr. Georg B\u00e4tzing, Landesbischof Bedford-Strohm, und Metropolit Augoustinos auf die besondere Umst\u00e4nde hingewiesen, unter denen die\u00a0 diesj\u00e4hrige Interkulturelle Woche stattfindet: \u201eDie Coronavirus-Pandemie hat unseren Alltag und das Leben von Menschen weltweit in drastischer Weise ver\u00e4ndert. Die unmittelbaren Auswirkungen der Ausbreitung des Virus und entsprechende Schutzma\u00dfnahmen stellen uns alle vor gro\u00dfe Herausforderungen. Sie erfordern st\u00e4ndig neue, sorgsame \u00dcberlegungen und Entscheidungen, die unter Bedingungen der Unsicherheit getroffen werden m\u00fcssen. Dabei wird uns deutlich, wie lebensnotwendig eine solidarische Grundhaltung in unserer Gesellschaft ist.\u201c<\/p>\n<p>Im Anschluss an den Er\u00f6ffnungsgottesdienst fand ein Empfang mit anschlie\u00dfender Gespr\u00e4chsrunde zum Thema \u201eBedrohte Demokratie?! \u2013 40 Jahre nach dem Oktoberfest-Attentat\u201c statt. Teilnehmer waren der Rechtsanwalt Mehmet Daimag\u00fcler, der die Nebenkl\u00e4ger im NSU-Prozess vertrat, die Frankfurter Rechtsanw\u00e4ltin Seda Ba\u015fay-Y\u0131ld\u0131z , die mit \u201eNSU 2.0\u201c unterzeichnete Drohbotschaften erhalten hatte, sowie die Projektsekret\u00e4rin der DGB-Jugend Region M\u00fcnchen, Magdalena Siebert, deren Organisation sich schon lange f\u00fcr das Gedenken an die Opfer des Oktoberfest-Attentats in M\u00fcnchen einsetzen. In dem Er\u00f6ffnungsgottesdienst war zuvor ein Kunstwerk des M\u00fcnchner K\u00fcnstler-Ehepaares Anna und Andreas Eichlinger vorgestellt worden, das sich mit dem Oktoberfest-Attentat vom 26. September 1980 auseinandersetzt und als Mahnmal konzipiert ist.<\/p>\n<p class=\"EKDFlietext\" style=\"margin-bottom:0.0001pt; margin-left:0cm; margin-right:0cm; margin-top:0cm\"><em style=\"font-style:italic\">Hintergrund <\/em><\/p>\n<p class=\"EKDFlietext\" style=\"margin-bottom:0.0001pt; margin-left:0cm; margin-right:0cm; margin-top:0cm\"><em style=\"font-style:italic\">Die bundesweit j\u00e4hrlich stattfindende Interkulturelle Woche (IKW) ist eine Initiative der Deutschen Bischofskonferenz, der Evangelischen Kirche in Deutschland und der Griechisch-Orthodoxen Metropolie. Sie findet seit 1975 Ende September statt und wird von Kirchen, Kommunen, Wohlfahrtsverb\u00e4nden, Gewerkschaften, Integrationsbeir\u00e4ten und -beauftragten, Migrantenorganisationen, Religionsgemeinschaften und Initiativgruppen unterst\u00fctzt und mitgetragen. In mehr als 500 St\u00e4dten und Gemeinden gibt es rund 5.000 Veranstaltungen. Der vorgeschlagene Zeitraum f\u00fcr die IKW 2020 ist 27. September bis 4. Oktober. Der von Papst Franziskus ausgerufene Welttag des Fl\u00fcchtlings und des Migranten am 27. September 2020 sowie der nationale \u201eTag des Fl\u00fcchtlings\u201c, dieses Jahr am 2. Oktober, sind Bestandteile der Interkulturellen Woche.<\/em><\/p>\n<p style=\"margin-bottom:0.0001pt; margin-left:0cm; margin-right:0cm; margin-top:0cm\">\u00a0<\/p>\n<p class=\"EKDFlietext\" style=\"margin-bottom:0.0001pt; margin-left:0cm; margin-right:0cm; margin-top:0cm\"><em style=\"font-style:italic\">Hannover \/ M\u00fcnchen, 27. September 2020<\/em><\/p>\n<p class=\"EKDFlietext\" style=\"margin-bottom:0.0001pt; margin-left:0cm; margin-right:0cm; margin-top:0cm\"><em style=\"font-style:italic\">Pressestelle der EKD<\/em><\/p>\n<p class=\"EKDFlietext\" style=\"margin-bottom:0.0001pt; margin-left:0cm; margin-right:0cm; margin-top:0cm\"><em style=\"font-style:italic\">Carsten Splitt<\/em><\/p>\n<p class=\"EKDFlietext\" style=\"margin-bottom:0.0001pt; margin-left:0cm; margin-right:0cm; margin-top:0cm\">\u00a0<\/p>\n<p class=\"EKDFlietext\" style=\"margin-bottom:0.0001pt; margin-left:0cm; margin-right:0cm; margin-top:0cm\">\u00a0<\/p>\n<p class=\"EKDFlietext\" style=\"margin-bottom:0.0001pt; margin-left:0cm; margin-right:0cm; margin-top:0cm\"><em style=\"font-style:italic\">Hinweise:<\/em><\/p>\n<p class=\"EKDFlietext\" style=\"margin-bottom:0.0001pt; margin-left:0cm; margin-right:0cm; margin-top:0cm\"><em style=\"font-style:italic\">Das Gemeinsame Wort der Kirchen zur Interkulturellen Woche 2020 ist auf <\/em><span style=\"text-decoration-line:underline\">https:\/\/www.ekd.de\/ekd_de\/ds_doc\/Gemeinsames_Wort_zur_Interkulturellen_Woche_2020.pdf<\/span><em style=\"font-style:italic\">\u00a0als pdf-Datei verf\u00fcgbar. <\/em><\/p>\n<p class=\"EKDFlietext\" style=\"margin-bottom:0.0001pt; margin-left:0cm; margin-right:0cm; margin-top:0cm\">\u00a0<\/p>\n<p class=\"EKDFlietext\" style=\"margin-bottom:0.0001pt; margin-left:0cm; margin-right:0cm; margin-top:0cm\"><em style=\"font-style:italic\">F\u00fcr die Vorbereitung der Interkulturellen Woche hat der \u00d6kumenische Vorbereitungsausschuss eine Reihe von Materialien erstellt, die unter www.interkulturellewoche.de bestellt werden k\u00f6nnen. Dort finden Sie auch weitere Informationen.<\/em><\/p>\n<\/div>\n","protected":false},"excerpt":{"rendered":"<p>27.09.2020Pressemitteilung Interkulturelle Woche 2020 mit \u00f6kumenischem Gottesdienst in M\u00fcnchen er\u00f6ffnet Mit einem \u00f6kumenischen Gottesdienst im Dom \u201eZu Unserer Lieben Frau\u201c<\/p>\n","protected":false},"author":1,"featured_media":569,"comment_status":"closed","ping_status":"closed","sticky":false,"template":"","format":"standard","meta":{"footnotes":""},"categories":[20],"tags":[],"_links":{"self":[{"href":"https:\/\/krankenhauspfarramt.de\/index.php\/wp-json\/wp\/v2\/posts\/2106"}],"collection":[{"href":"https:\/\/krankenhauspfarramt.de\/index.php\/wp-json\/wp\/v2\/posts"}],"about":[{"href":"https:\/\/krankenhauspfarramt.de\/index.php\/wp-json\/wp\/v2\/types\/post"}],"author":[{"embeddable":true,"href":"https:\/\/krankenhauspfarramt.de\/index.php\/wp-json\/wp\/v2\/users\/1"}],"replies":[{"embeddable":true,"href":"https:\/\/krankenhauspfarramt.de\/index.php\/wp-json\/wp\/v2\/comments?post=2106"}],"version-history":[{"count":1,"href":"https:\/\/krankenhauspfarramt.de\/index.php\/wp-json\/wp\/v2\/posts\/2106\/revisions"}],"predecessor-version":[{"id":2107,"href":"https:\/\/krankenhauspfarramt.de\/index.php\/wp-json\/wp\/v2\/posts\/2106\/revisions\/2107"}],"wp:featuredmedia":[{"embeddable":true,"href":"https:\/\/krankenhauspfarramt.de\/index.php\/wp-json\/wp\/v2\/media\/569"}],"wp:attachment":[{"href":"https:\/\/krankenhauspfarramt.de\/index.php\/wp-json\/wp\/v2\/media?parent=2106"}],"wp:term":[{"taxonomy":"category","embeddable":true,"href":"https:\/\/krankenhauspfarramt.de\/index.php\/wp-json\/wp\/v2\/categories?post=2106"},{"taxonomy":"post_tag","embeddable":true,"href":"https:\/\/krankenhauspfarramt.de\/index.php\/wp-json\/wp\/v2\/tags?post=2106"}],"curies":[{"name":"wp","href":"https:\/\/api.w.org\/{rel}","templated":true}]}}