{"id":2108,"date":"2020-09-28T13:40:35","date_gmt":"2020-09-28T13:40:35","guid":{"rendered":"https:\/\/krankenhauspfarramt.de\/index.php\/2020\/09\/28\/digitale-demokratisierung-ekd\/"},"modified":"2020-09-28T13:40:37","modified_gmt":"2020-09-28T13:40:37","slug":"digitale-demokratisierung-ekd","status":"publish","type":"post","link":"https:\/\/krankenhauspfarramt.de\/index.php\/2020\/09\/28\/digitale-demokratisierung-ekd\/","title":{"rendered":"Digitale Demokratisierung \u2013 EKD"},"content":{"rendered":"<p> <br \/>\n<\/p>\n<div>\n<p>Die Politikwissenschaftlerin leitet das Projekt, das erst im Juli begonnen hat, zusammen mit der Theologin Nina Schmidt. Beteiligt ist auch Christian Staffa, EKD-Beauftragter f\u00fcr den Kampf gegen Antisemitismus und Studienleiter an der Evangelischen Akademie zu Berlin. \u201eEs gibt einen gro\u00dfen Bedarf an der Auseinandersetzung mit christlichen Diskriminierungsmustern\u201c, sagt Kristina Herbst. \u201eViele kirchliche Mitarbeitende f\u00fchlen eine Ohnmacht bei diesen Themen. Sie w\u00fcnschen sich Unterst\u00fctzung in ihrer praktischen Arbeit.\u201c \u00a0<\/p>\n<p>Das \u201eDisKursLab \u2013 Labor f\u00fcr antisemitismus- und rassismuskritische Bildung &amp; Praxis\u201c, wie es vollst\u00e4ndig hei\u00dft, soll genau das leisten. Gef\u00f6rdert wird \u201eDisKursLab\u201c vom Bundesministerium des Innern, f\u00fcr Bau und Heimat und im Jahr 2020 auch durch den Digitalinnovationsfonds der EKD.<\/p>\n<p>\u201eZiel ist es, digitale demokratische Orte zu st\u00e4rken, und vor allem Partizipation zu erm\u00f6glichen\u201c, sagt die 32-j\u00e4hrige Herbst. \u201eEine Frage ist zum Beispiel, wie wir ins Gespr\u00e4ch \u00fcber menschenfeindliche und diskriminierende Einstellungen mit christlichen Grundierungen kommen.\u201c Es gelte, Sprachlosigkeit und Diskriminierungsmuster im Alltag zu erkennen und zu \u00fcberwinden. \u201eLeider sind antisemitische und rassistische Denkmuster unter christlich gepr\u00e4gten Menschen genauso vertreten wie woanders auch\u201c, so Herbst.<\/p>\n<p>Nach dem Motto Digitalit\u00e4t und Demokratisierung soll das Projekt Bildungsformate verbinden und so nicht nur die kirchliche antisemitismus- und rassismuskritische Praxis vor Ort, sondern auch im Internet st\u00e4rken. \u201eUnser Ziel ist es, viele verschiedene Methoden zur p\u00e4dagogischen Auseinandersetzung zu entwickeln, die uns in eine selbstkritische\u00a0 Bearbeitung bringen und ihren Weg in die Praxis finden\u201c, sagt Kristina Herbst. Schlie\u00dflich m\u00fcsse Kirche bef\u00e4higt sein, sich auf einer selbstreflexiven Grundlage \u00a0einzumischen. \u201eUnd dazu m\u00fcssen wir bei uns selbst anfangen, auch wenn das anstrengend ist und Widerst\u00e4nde hervorruft. Denn nur dagegen-sein bringt keine Bewegung.\u201c<\/p>\n<p>Die Evangelische Kirche in Deutschland unterst\u00fctzt innovative digitale Projekte und will damit den Wandel der Kirche hin zu mehr digitalen Angeboten f\u00f6rdern. Dazu gibt es den Digital-Innovationsfonds, der eine Million Euro umfasst. Weitere innovative Projekte, aber auch Informationen zur Antragsstellung finden Sie auf der EKD-Seite zum Fonds.\u00a0 \u00a0 \u00a0<\/p>\n<p style=\"text-align:right\"><em>Sven\u00a0Kriszio \u00a0 <\/em>\u00a0\u00a0<\/p>\n<\/p><\/div>\n","protected":false},"excerpt":{"rendered":"<p>Die Politikwissenschaftlerin leitet das Projekt, das erst im Juli begonnen hat, zusammen mit der Theologin Nina Schmidt. Beteiligt ist auch<\/p>\n","protected":false},"author":1,"featured_media":2109,"comment_status":"closed","ping_status":"closed","sticky":false,"template":"","format":"standard","meta":{"footnotes":""},"categories":[20],"tags":[],"_links":{"self":[{"href":"https:\/\/krankenhauspfarramt.de\/index.php\/wp-json\/wp\/v2\/posts\/2108"}],"collection":[{"href":"https:\/\/krankenhauspfarramt.de\/index.php\/wp-json\/wp\/v2\/posts"}],"about":[{"href":"https:\/\/krankenhauspfarramt.de\/index.php\/wp-json\/wp\/v2\/types\/post"}],"author":[{"embeddable":true,"href":"https:\/\/krankenhauspfarramt.de\/index.php\/wp-json\/wp\/v2\/users\/1"}],"replies":[{"embeddable":true,"href":"https:\/\/krankenhauspfarramt.de\/index.php\/wp-json\/wp\/v2\/comments?post=2108"}],"version-history":[{"count":1,"href":"https:\/\/krankenhauspfarramt.de\/index.php\/wp-json\/wp\/v2\/posts\/2108\/revisions"}],"predecessor-version":[{"id":2110,"href":"https:\/\/krankenhauspfarramt.de\/index.php\/wp-json\/wp\/v2\/posts\/2108\/revisions\/2110"}],"wp:featuredmedia":[{"embeddable":true,"href":"https:\/\/krankenhauspfarramt.de\/index.php\/wp-json\/wp\/v2\/media\/2109"}],"wp:attachment":[{"href":"https:\/\/krankenhauspfarramt.de\/index.php\/wp-json\/wp\/v2\/media?parent=2108"}],"wp:term":[{"taxonomy":"category","embeddable":true,"href":"https:\/\/krankenhauspfarramt.de\/index.php\/wp-json\/wp\/v2\/categories?post=2108"},{"taxonomy":"post_tag","embeddable":true,"href":"https:\/\/krankenhauspfarramt.de\/index.php\/wp-json\/wp\/v2\/tags?post=2108"}],"curies":[{"name":"wp","href":"https:\/\/api.w.org\/{rel}","templated":true}]}}