{"id":2114,"date":"2020-09-30T11:25:16","date_gmt":"2020-09-30T11:25:16","guid":{"rendered":"https:\/\/krankenhauspfarramt.de\/index.php\/2020\/09\/30\/moria-darf-sich-nicht-wiederholen-ekd\/"},"modified":"2020-09-30T11:25:18","modified_gmt":"2020-09-30T11:25:18","slug":"moria-darf-sich-nicht-wiederholen-ekd","status":"publish","type":"post","link":"https:\/\/krankenhauspfarramt.de\/index.php\/2020\/09\/30\/moria-darf-sich-nicht-wiederholen-ekd\/","title":{"rendered":"\u201eMoria darf sich nicht wiederholen\u201c \u2013 EKD"},"content":{"rendered":"<p> <br \/>\n<\/p>\n<div id=\"\">\n<div class=\"article--meta article--meta__border clearfix\">\n<p>                                    <time datetime=\"30.09.2020 12:45\" class=\"article--time\">30.09.2020<\/time><strong class=\"article--type primus--overline\">Pressemitteilung<\/strong><\/p>\n<picture class=\"article--source-image image\"><source srcset=\"https:\/\/ekd.de\/ekd_de\/ds_img\/assets\/20170622_ekd-Quellenlogo_141.png\"><!--<source srcset=\"\/ekd_de\/ds_img\/assets\/20170622_ekd-Quellenlogo_141_rdax_141x59.png 1x, \/ekd_de\/ds_img\/assets\/20170622_ekd-Quellenlogo_141_rdax_282x118.png 2x, https:\/\/ekd.de\/ekd_de\/ds_img\/assets\/20170622_ekd-Quellenlogo_141.png 3x\">--><\/source><\/picture>\n<\/p><\/div>\n<h2 class=\"article--sub-headline primus--sub-headline\">Gemeinsames Statement von Vertreterinnen und Vertretern aus Bundespolitik, Kommunalpolitik, Zivilgesellschaft und Kirche zur Lage der Gefl\u00fcchteten auf der Insel Lesbos<\/h2>\n<\/p><\/div>\n<div id=\"\">\n<p style=\"margin-bottom:0.0001pt; margin-left:0cm; margin-right:0cm; margin-top:0cm\">Wir, Vertreterinnen und Vertreter aus Bundespolitik, Kommunalpolitik, Zivilgesellschaft und Kirche, haben das Fl\u00fcchtlingslager Moria auf Lesbos pers\u00f6nlich besucht. Wie viele andere haben wir die Zust\u00e4nde, die bereits lange vor den Br\u00e4nden katastrophal waren, mit eigenen Augen gesehen. Die Leidtragenden sind die Menschen, insbesondere die Kinder, die weiterhin auf Lesbos ausharren und von denen wir einigen selbst begegnet sind. Wir sind uns einig:<\/p>\n<ul>\n<li style=\"margin: 0cm 0cm 0.0001pt;\"><strong>Moria darf sich nicht wiederholen:<\/strong> Die Mitgliedsstaaten der Europ\u00e4ischen Union tragen die Verantwortung daf\u00fcr, Mindestschutzstandards in allen Lagern f\u00fcr Gefl\u00fcchtete auf europ\u00e4ischem Boden zu gew\u00e4hrleisten. Eine Situation wie im ehemaligen Lager Moria darf sich nicht wiederholen \u2013 nicht auf Lesbos und an keinem anderen Ort. Auf Lesbos muss jetzt schnelle Nothilfe im Sinne der Schutzsuchenden geleistet werden. Wenn humanit\u00e4re Mindeststandards vor Ort nicht erf\u00fcllt werden, m\u00fcssen die Menschen an Orte gebracht werden, an denen dies der Fall ist \u2013 in Griechenland oder in anderen europ\u00e4ischen Staaten.<\/li>\n<\/ul>\n<ul>\n<li style=\"margin: 0cm 0cm 0.0001pt;\"><strong>Wir brauchen einen Perspektivwechsel<\/strong>: Insgesamt m\u00fcssen mehr Gefl\u00fcchtete \u2013 Schutzsuchende mit anerkanntem Fl\u00fcchtlingsstatus und zus\u00e4tzlich jene mit der h\u00f6chsten Schutzbed\u00fcrftigkeit \u2013 an sichere Orte in Deutschland und anderen EU-Mitgliedstaaten gebracht werden. Die gro\u00dfe Aufnahmebereitschaft von Bundesl\u00e4ndern, Kommunen und Kirchengemeinden muss ernst genommen werden. Insbesondere im Bereich Familienzusammenf\u00fchrung gibt es in Deutschland viele M\u00f6glichkeiten, geltendes Recht im Sinne der Schutzsuchenden in Griechenland besser umzusetzen.<\/li>\n<\/ul>\n<ul>\n<li style=\"margin: 0cm 0cm 0.0001pt;\"><strong>Neue Diskussionsr\u00e4ume schaffen:<\/strong> Die Debatte \u00fcber die Aufnahme von Gefl\u00fcchteten findet derzeit auf vielen gesellschaftlichen Ebenen statt \u2013 allerdings mangelt es h\u00e4ufig an einer neutralen Dialogebene. Wir treten daf\u00fcr ein, neue Diskussionsr\u00e4ume zu \u00f6ffnen, vorhandene auszubauen und dabei insbesondere die Stimmen von vor Ort, das hei\u00dft zum Beispiel die Gefl\u00fcchteten und Vertreter der kommunalen Beh\u00f6rden in Griechenland, verst\u00e4rkt zu ber\u00fccksichtigen.<\/li>\n<\/ul>\n<p style=\"margin-bottom:0.0001pt; margin-left:0cm; margin-right:0cm; margin-top:0cm\">Luise Amtsberg, MdB B\u00fcndnis\u00a090\/Die Gr\u00fcnen<\/p>\n<p style=\"margin-bottom:0.0001pt; margin-left:0cm; margin-right:0cm; margin-top:0cm\">Prof. Dr. Lars Castellucci, MdB SPD<\/p>\n<p style=\"margin-bottom:0.0001pt; margin-left:0cm; margin-right:0cm; margin-top:0cm\">Frank Heinrich, MdB CDU<\/p>\n<p style=\"margin-bottom:0.0001pt; margin-left:0cm; margin-right:0cm; margin-top:0cm\">Mike Schubert, Oberb\u00fcrgermeister der Landeshauptstadt Potsdam<\/p>\n<p style=\"margin-bottom:0.0001pt; margin-left:0cm; margin-right:0cm; margin-top:0cm\">Thomas Weigel, Erster B\u00fcrgermeister der Stadt Rottenburg am Neckar<\/p>\n<p style=\"margin-bottom:0.0001pt; margin-left:0cm; margin-right:0cm; margin-top:0cm\">Dr. Martin Dutzmann, Bevollm\u00e4chtigter des Rates der EKD<\/p>\n<p style=\"margin-bottom:0.0001pt; margin-left:0cm; margin-right:0cm; margin-top:0cm\">Christoph Waffenschmidt, Vorstandsvorsitzender World Vision Deutschland<\/p>\n<p style=\"margin-bottom:0.0001pt; margin-left:0cm; margin-right:0cm; margin-top:0cm\">Uwe Heimowski, Politischer Beauftragter der Deutschen Evangelischen Allianz (EAD)<\/p>\n<p style=\"margin-bottom:0.0001pt; margin-left:0cm; margin-right:0cm; margin-top:0cm\">Robert Nestler, Legal Coordinator, Equal Rights Beyond Borders<\/p>\n<p style=\"margin-bottom:0.0001pt; margin-left:0cm; margin-right:0cm; margin-top:0cm\">\u00a0<\/p>\n<p style=\"margin-bottom:0.0001pt; margin-left:0cm; margin-right:0cm; margin-top:0cm\">Hannover, 30. September 2020<\/p>\n<p class=\"EKDFlietext\" style=\"margin-bottom:0.0001pt; margin-left:0cm; margin-right:0cm; margin-top:0cm\">\u00a0<\/p>\n<p class=\"EKDFlietext\" style=\"margin-bottom:0.0001pt; margin-left:0cm; margin-right:0cm; margin-top:0cm\">Pressestelle der EKD<\/p>\n<p class=\"EKDFlietext\" style=\"margin-bottom:0.0001pt; margin-left:0cm; margin-right:0cm; margin-top:0cm\">Carsten Splitt<\/p>\n<\/div>\n","protected":false},"excerpt":{"rendered":"<p>30.09.2020Pressemitteilung Gemeinsames Statement von Vertreterinnen und Vertretern aus Bundespolitik, Kommunalpolitik, Zivilgesellschaft und Kirche zur Lage der Gefl\u00fcchteten auf der Insel<\/p>\n","protected":false},"author":1,"featured_media":569,"comment_status":"closed","ping_status":"closed","sticky":false,"template":"","format":"standard","meta":{"footnotes":""},"categories":[20],"tags":[],"_links":{"self":[{"href":"https:\/\/krankenhauspfarramt.de\/index.php\/wp-json\/wp\/v2\/posts\/2114"}],"collection":[{"href":"https:\/\/krankenhauspfarramt.de\/index.php\/wp-json\/wp\/v2\/posts"}],"about":[{"href":"https:\/\/krankenhauspfarramt.de\/index.php\/wp-json\/wp\/v2\/types\/post"}],"author":[{"embeddable":true,"href":"https:\/\/krankenhauspfarramt.de\/index.php\/wp-json\/wp\/v2\/users\/1"}],"replies":[{"embeddable":true,"href":"https:\/\/krankenhauspfarramt.de\/index.php\/wp-json\/wp\/v2\/comments?post=2114"}],"version-history":[{"count":1,"href":"https:\/\/krankenhauspfarramt.de\/index.php\/wp-json\/wp\/v2\/posts\/2114\/revisions"}],"predecessor-version":[{"id":2115,"href":"https:\/\/krankenhauspfarramt.de\/index.php\/wp-json\/wp\/v2\/posts\/2114\/revisions\/2115"}],"wp:featuredmedia":[{"embeddable":true,"href":"https:\/\/krankenhauspfarramt.de\/index.php\/wp-json\/wp\/v2\/media\/569"}],"wp:attachment":[{"href":"https:\/\/krankenhauspfarramt.de\/index.php\/wp-json\/wp\/v2\/media?parent=2114"}],"wp:term":[{"taxonomy":"category","embeddable":true,"href":"https:\/\/krankenhauspfarramt.de\/index.php\/wp-json\/wp\/v2\/categories?post=2114"},{"taxonomy":"post_tag","embeddable":true,"href":"https:\/\/krankenhauspfarramt.de\/index.php\/wp-json\/wp\/v2\/tags?post=2114"}],"curies":[{"name":"wp","href":"https:\/\/api.w.org\/{rel}","templated":true}]}}