{"id":2116,"date":"2020-09-30T14:56:36","date_gmt":"2020-09-30T14:56:36","guid":{"rendered":"https:\/\/krankenhauspfarramt.de\/index.php\/2020\/09\/30\/gemeinden-koennen-ard-dokumentation-wir-schicken-ein-schiff-kostenlos-vorfuehren-ekd\/"},"modified":"2020-09-30T14:56:40","modified_gmt":"2020-09-30T14:56:40","slug":"gemeinden-koennen-ard-dokumentation-wir-schicken-ein-schiff-kostenlos-vorfuehren-ekd","status":"publish","type":"post","link":"https:\/\/krankenhauspfarramt.de\/index.php\/2020\/09\/30\/gemeinden-koennen-ard-dokumentation-wir-schicken-ein-schiff-kostenlos-vorfuehren-ekd\/","title":{"rendered":"Gemeinden k\u00f6nnen ARD-Dokumentation \u201eWir schicken ein Schiff\u201c kostenlos vorf\u00fchren \u2013 EKD"},"content":{"rendered":"<p> <br \/>\n<\/p>\n<div>\n<p>Der Film portr\u00e4tiert das Engagement der evangelischen Kirche und ihres Ratsvorsitzenden Heinrich Bedford-Strohm, ein zus\u00e4tzliches ziviles Rettungsschiff zu schicken, um dem Sterben im Mittelmeer ein Ende zu setzen. Diese Initiative ist verkn\u00fcpft mit der Forderung an die Europ\u00e4ische Union die staatliche Seenotrettung im Mittelmeer wieder aufzunehmen.<\/p>\n<p>Die EKD hat nun die notwendigen Rechte eingeholt, um die Vorf\u00fchrung in Kirchengemeinden in nicht-kommerziellen Rahmen vom 1. Oktober 2020 bis zum 31.3. 2021 zu erm\u00f6glichen.<\/p>\n<p><strong>Sie m\u00f6chten den Film in Ihrer Gemeinde vorf\u00fchren?<\/strong><\/p>\n<p>Bitte schreiben Sie eine E-Mail mit Angabe des Namens der Kirchengemeinde und ihrem Wunsch den Film zu zeigen an den Infoservice der EKD unter info@ekd.de<\/p>\n<p>Sie erhalten dann eine kurze Information in welcher Form der Film genutzt werden kann und einen Download-Link zur Filmdatei.<\/p>\n<\/p><\/div>\n","protected":false},"excerpt":{"rendered":"<p>Der Film portr\u00e4tiert das Engagement der evangelischen Kirche und ihres Ratsvorsitzenden Heinrich Bedford-Strohm, ein zus\u00e4tzliches ziviles Rettungsschiff zu schicken, um<\/p>\n","protected":false},"author":1,"featured_media":2117,"comment_status":"closed","ping_status":"closed","sticky":false,"template":"","format":"standard","meta":{"footnotes":""},"categories":[20],"tags":[],"_links":{"self":[{"href":"https:\/\/krankenhauspfarramt.de\/index.php\/wp-json\/wp\/v2\/posts\/2116"}],"collection":[{"href":"https:\/\/krankenhauspfarramt.de\/index.php\/wp-json\/wp\/v2\/posts"}],"about":[{"href":"https:\/\/krankenhauspfarramt.de\/index.php\/wp-json\/wp\/v2\/types\/post"}],"author":[{"embeddable":true,"href":"https:\/\/krankenhauspfarramt.de\/index.php\/wp-json\/wp\/v2\/users\/1"}],"replies":[{"embeddable":true,"href":"https:\/\/krankenhauspfarramt.de\/index.php\/wp-json\/wp\/v2\/comments?post=2116"}],"version-history":[{"count":1,"href":"https:\/\/krankenhauspfarramt.de\/index.php\/wp-json\/wp\/v2\/posts\/2116\/revisions"}],"predecessor-version":[{"id":2118,"href":"https:\/\/krankenhauspfarramt.de\/index.php\/wp-json\/wp\/v2\/posts\/2116\/revisions\/2118"}],"wp:featuredmedia":[{"embeddable":true,"href":"https:\/\/krankenhauspfarramt.de\/index.php\/wp-json\/wp\/v2\/media\/2117"}],"wp:attachment":[{"href":"https:\/\/krankenhauspfarramt.de\/index.php\/wp-json\/wp\/v2\/media?parent=2116"}],"wp:term":[{"taxonomy":"category","embeddable":true,"href":"https:\/\/krankenhauspfarramt.de\/index.php\/wp-json\/wp\/v2\/categories?post=2116"},{"taxonomy":"post_tag","embeddable":true,"href":"https:\/\/krankenhauspfarramt.de\/index.php\/wp-json\/wp\/v2\/tags?post=2116"}],"curies":[{"name":"wp","href":"https:\/\/api.w.org\/{rel}","templated":true}]}}