{"id":2119,"date":"2020-09-30T19:04:18","date_gmt":"2020-09-30T19:04:18","guid":{"rendered":"https:\/\/krankenhauspfarramt.de\/index.php\/2020\/09\/30\/zu-gut-fuer-die-tonne-ekd\/"},"modified":"2020-09-30T19:04:20","modified_gmt":"2020-09-30T19:04:20","slug":"zu-gut-fuer-die-tonne-ekd","status":"publish","type":"post","link":"https:\/\/krankenhauspfarramt.de\/index.php\/2020\/09\/30\/zu-gut-fuer-die-tonne-ekd\/","title":{"rendered":"\u201eZu gut f\u00fcr die Tonne!\u201c \u2013 EKD"},"content":{"rendered":"<p> <br \/>\n<\/p>\n<div>\n<p>Laut Kl\u00f6ckner landen weltweit rund ein Drittel aller produzierten Lebensmittel im M\u00fcll, w\u00e4hrend 700 Millionen Menschen weiterhin an Hunger litten. In Deutschland fallen j\u00e4hrlich laut Ministerium entlang der gesamten Lebensmittelversorgungskette rund zw\u00f6lf Millionen Tonnen Lebensmittelabf\u00e4lle an, die H\u00e4lfte davon in Privathaushalten.<\/p>\n<p>Am Dienstag endete die Aktionswoche \u201eDeutschland rettet Lebensmittel\u201c. Au\u00dferdem wurde an diesem Tag erstmals auch der Internationale Tag der Vereinten Nationen f\u00fcr die Aufmerksamkeit f\u00fcr Lebensmittelverluste und &#8211; verschwendung begangen. 2019 beschloss die Bundesregierung eine \u201eNationale Strategie zur Reduzierung der Lebensmittelverschwendung\u201c. Diese soll pro Kopf auf Handels- und Verbraucherebene bis 2030 halbiert werden.<\/p>\n<p>Bereits seit 2012 l\u00e4uft die Kampagne \u201eZu gut f\u00fcr die Tonne!\u201c. Seit 2016 werden im Rahmen der Kampagne j\u00e4hrlich die besten Projekte zur Reduzierung von Lebensmittelverschwendung ausgezeichnet.\u00a0<\/p>\n<\/p><\/div>\n","protected":false},"excerpt":{"rendered":"<p>Laut Kl\u00f6ckner landen weltweit rund ein Drittel aller produzierten Lebensmittel im M\u00fcll, w\u00e4hrend 700 Millionen Menschen weiterhin an Hunger litten.<\/p>\n","protected":false},"author":1,"featured_media":2120,"comment_status":"closed","ping_status":"closed","sticky":false,"template":"","format":"standard","meta":{"footnotes":""},"categories":[20],"tags":[],"_links":{"self":[{"href":"https:\/\/krankenhauspfarramt.de\/index.php\/wp-json\/wp\/v2\/posts\/2119"}],"collection":[{"href":"https:\/\/krankenhauspfarramt.de\/index.php\/wp-json\/wp\/v2\/posts"}],"about":[{"href":"https:\/\/krankenhauspfarramt.de\/index.php\/wp-json\/wp\/v2\/types\/post"}],"author":[{"embeddable":true,"href":"https:\/\/krankenhauspfarramt.de\/index.php\/wp-json\/wp\/v2\/users\/1"}],"replies":[{"embeddable":true,"href":"https:\/\/krankenhauspfarramt.de\/index.php\/wp-json\/wp\/v2\/comments?post=2119"}],"version-history":[{"count":1,"href":"https:\/\/krankenhauspfarramt.de\/index.php\/wp-json\/wp\/v2\/posts\/2119\/revisions"}],"predecessor-version":[{"id":2121,"href":"https:\/\/krankenhauspfarramt.de\/index.php\/wp-json\/wp\/v2\/posts\/2119\/revisions\/2121"}],"wp:featuredmedia":[{"embeddable":true,"href":"https:\/\/krankenhauspfarramt.de\/index.php\/wp-json\/wp\/v2\/media\/2120"}],"wp:attachment":[{"href":"https:\/\/krankenhauspfarramt.de\/index.php\/wp-json\/wp\/v2\/media?parent=2119"}],"wp:term":[{"taxonomy":"category","embeddable":true,"href":"https:\/\/krankenhauspfarramt.de\/index.php\/wp-json\/wp\/v2\/categories?post=2119"},{"taxonomy":"post_tag","embeddable":true,"href":"https:\/\/krankenhauspfarramt.de\/index.php\/wp-json\/wp\/v2\/tags?post=2119"}],"curies":[{"name":"wp","href":"https:\/\/api.w.org\/{rel}","templated":true}]}}