{"id":2122,"date":"2020-10-01T11:55:25","date_gmt":"2020-10-01T11:55:25","guid":{"rendered":"https:\/\/krankenhauspfarramt.de\/index.php\/2020\/10\/01\/kiba-kirche-des-monats-oktober-2020-in-magdeburg-ekd\/"},"modified":"2020-10-01T11:55:26","modified_gmt":"2020-10-01T11:55:26","slug":"kiba-kirche-des-monats-oktober-2020-in-magdeburg-ekd","status":"publish","type":"post","link":"https:\/\/krankenhauspfarramt.de\/index.php\/2020\/10\/01\/kiba-kirche-des-monats-oktober-2020-in-magdeburg-ekd\/","title":{"rendered":"\u201eKiBa-Kirche des Monats Oktober 2020\u201c in Magdeburg \u2013 EKD"},"content":{"rendered":"<p> <br \/>\n<\/p>\n<div id=\"\">\n<div class=\"article--meta article--meta__border clearfix\">\n<p>                                    <time datetime=\"01.10.2020 10:00\" class=\"article--time\">01.10.2020<\/time><strong class=\"article--type primus--overline\">Pressemitteilung<\/strong><\/p>\n<picture class=\"article--source-image image\"><source srcset=\"https:\/\/ekd.de\/ekd_de\/ds_img\/assets\/20170622_ekd-Quellenlogo_141.png\"><!--<source srcset=\"\/ekd_de\/ds_img\/assets\/20170622_ekd-Quellenlogo_141_rdax_141x59.png 1x, \/ekd_de\/ds_img\/assets\/20170622_ekd-Quellenlogo_141_rdax_282x118.png 2x, https:\/\/ekd.de\/ekd_de\/ds_img\/assets\/20170622_ekd-Quellenlogo_141.png 3x\">--><\/source><\/picture>\n<\/p><\/div>\n<h2 class=\"article--sub-headline primus--sub-headline\">\u201eFast wie eine neue Kirche\u201c<\/h2>\n<\/p><\/div>\n<div id=\"\">\n<p style=\"margin-bottom:0.0001pt; margin-left:0cm; margin-right:0cm; margin-top:0cm\">Die aus dem Jahr 1877 stammende neogotische Hallenkirche St. Ambrosius im Magdeburger Stadtteil Sudenburg ist die \u201eKirche des Monats Oktober 2020\u201c der \u201eStiftung zur Bewahrung kirchlicher Baudenkm\u00e4ler in Deutschland\u201c (Stiftung KiBa). Die von der Evangelischen Kirche in Deutschland (EKD) gegr\u00fcndete Stiftung f\u00f6rdert die Sanierung der Fassade des Geb\u00e4udes, eine Projektspende inklusive, in diesem Jahr mit 15.000 Euro.<\/p>\n<p style=\"margin-bottom:0.0001pt; margin-left:0cm; margin-right:0cm; margin-top:0cm\">\u00a0<\/p>\n<p style=\"margin-bottom:0.0001pt; margin-left:0cm; margin-right:0cm; margin-top:0cm\">Das Gotteshaus ist schon das sechste in Sudenburg, das St. Ambrosius hei\u00dft. F\u00fcnf andere Kirchen dieses Namens hatte es zuvor gegeben, die erste davon bereits im 11. Jahrhundert. Das vierte Geb\u00e4ude in dieser Reihe wurde \u2013 wie die gesamte Vorstadt Sudenburg \u2013 von Napoleons Truppen abgerissen, um eine bessere Schuss-Freiheit auf die Festung Magdeburg zu haben. Der direkte Vorg\u00e4ngerbau musste 1875 wegen Schwammbefalls aufgegeben werden. Noch im selben Jahr wurde der Grundstein f\u00fcr die heutige St. Ambrosius-Kirche gelegt.<\/p>\n<p style=\"margin-bottom:0.0001pt; margin-left:0cm; margin-right:0cm; margin-top:0cm\">\u00a0<\/p>\n<p style=\"margin-bottom:0.0001pt; margin-left:0cm; margin-right:0cm; margin-top:0cm\">Etappenweise wird die Au\u00dfenh\u00fclle der Stadtkirche mit der markanten Doppelturmanlage restauriert. In diesem Jahr sind die beiden T\u00fcrme an der Reihe, zun\u00e4chst im jeweils oberen Teil. 520.000 Euro wird dieser Sanierungsschritt kosten. Um Spenden f\u00fcr die Finanzierung der Arbeiten zu gewinnen, organisiert der \u00f6rtliche Kirchbauverein regelm\u00e4\u00dfig Lesungen, Konzerte und Ausstellungen. Au\u00dferdem gibt es die M\u00f6glichkeit, f\u00fcr 50 Euro einen ausgemusterten Stein der Kirche mit nach Hause zu nehmen. Die faustgro\u00dfen Quader tragen ein Schild, auf dem beispielsweise \u201eMein St\u00fcck Ambrosius\u201c oder \u201eEdelstein St. Ambrosius\u201c steht.<\/p>\n<p style=\"margin-bottom:0.0001pt; margin-left:0cm; margin-right:0cm; margin-top:0cm\">\u00a0<\/p>\n<p style=\"margin-bottom:0.0001pt; margin-left:0cm; margin-right:0cm; margin-top:0cm\">Zentral gelegen und f\u00fcr viele Sudenburger mit kostbaren Erinnerungen versehen, sei das Gotteshaus auch f\u00fcr die Kirchenfernen wichtig, betont Pfarrer Konstantin Rost. \u201eSt. Ambrosius ist ein Ort der Begegnung, f\u00fcr Konzerte und Gottesdienste, aber es ist dar\u00fcber hinaus identit\u00e4tsstiftend f\u00fcr den Stadtteil.\u201c Dass die Fassade der Kirche instandgesetzt und gereinigt wird, gefalle allen: \u201eEs ist, als bek\u00e4men wir eine ganz neue Kirche\u201c.<\/p>\n<p style=\"margin-bottom:0.0001pt; margin-left:0cm; margin-right:0cm; margin-top:0cm\">\u00a0<\/p>\n<p style=\"margin-bottom:0.0001pt; margin-left:0cm; margin-right:0cm; margin-top:0cm\"><em>Die Stiftung zur Bewahrung kirchlicher Baudenkm\u00e4ler in Deutschland (Stiftung KiBa) ist eine Stiftung der EKD und der evangelischen Landeskirchen. Seit 1999 hat sie Zusagen f\u00fcr Sanierungsvorhaben in H\u00f6he von 33,9 Millionen Euro geben k\u00f6nnen. F\u00fcr dieses Jahr hat die KiBa F\u00f6rderzusagen \u00fcber rund 1,6 Millionen Euro vorgesehen. Mehr als 3.700 Mitglieder engagieren sich bundesweit im \u201eF\u00f6rderverein der Stiftung KiBa e. V.\u201c Weitere Informationen unter <\/em><em>www.stiftung-kiba.de<\/em><br \/>\u00a0<\/p>\n<p class=\"EKDFlietext\" style=\"margin-bottom:0.0001pt; margin-left:0cm; margin-right:0cm; margin-top:0cm\">Hannover, 1. Oktober 2020<\/p>\n<p class=\"EKDFlietext\" style=\"margin-bottom:0.0001pt; margin-left:0cm; margin-right:0cm; margin-top:0cm\">\u00a0<\/p>\n<p class=\"EKDFlietext\" style=\"margin-bottom:0.0001pt; margin-left:0cm; margin-right:0cm; margin-top:0cm\">Pressestelle der EKD<\/p>\n<\/div>\n","protected":false},"excerpt":{"rendered":"<p>01.10.2020Pressemitteilung \u201eFast wie eine neue Kirche\u201c Die aus dem Jahr 1877 stammende neogotische Hallenkirche St. Ambrosius im Magdeburger Stadtteil Sudenburg<\/p>\n","protected":false},"author":1,"featured_media":569,"comment_status":"closed","ping_status":"closed","sticky":false,"template":"","format":"standard","meta":{"footnotes":""},"categories":[20],"tags":[],"_links":{"self":[{"href":"https:\/\/krankenhauspfarramt.de\/index.php\/wp-json\/wp\/v2\/posts\/2122"}],"collection":[{"href":"https:\/\/krankenhauspfarramt.de\/index.php\/wp-json\/wp\/v2\/posts"}],"about":[{"href":"https:\/\/krankenhauspfarramt.de\/index.php\/wp-json\/wp\/v2\/types\/post"}],"author":[{"embeddable":true,"href":"https:\/\/krankenhauspfarramt.de\/index.php\/wp-json\/wp\/v2\/users\/1"}],"replies":[{"embeddable":true,"href":"https:\/\/krankenhauspfarramt.de\/index.php\/wp-json\/wp\/v2\/comments?post=2122"}],"version-history":[{"count":1,"href":"https:\/\/krankenhauspfarramt.de\/index.php\/wp-json\/wp\/v2\/posts\/2122\/revisions"}],"predecessor-version":[{"id":2123,"href":"https:\/\/krankenhauspfarramt.de\/index.php\/wp-json\/wp\/v2\/posts\/2122\/revisions\/2123"}],"wp:featuredmedia":[{"embeddable":true,"href":"https:\/\/krankenhauspfarramt.de\/index.php\/wp-json\/wp\/v2\/media\/569"}],"wp:attachment":[{"href":"https:\/\/krankenhauspfarramt.de\/index.php\/wp-json\/wp\/v2\/media?parent=2122"}],"wp:term":[{"taxonomy":"category","embeddable":true,"href":"https:\/\/krankenhauspfarramt.de\/index.php\/wp-json\/wp\/v2\/categories?post=2122"},{"taxonomy":"post_tag","embeddable":true,"href":"https:\/\/krankenhauspfarramt.de\/index.php\/wp-json\/wp\/v2\/tags?post=2122"}],"curies":[{"name":"wp","href":"https:\/\/api.w.org\/{rel}","templated":true}]}}