{"id":2133,"date":"2020-10-02T12:54:38","date_gmt":"2020-10-02T12:54:38","guid":{"rendered":"https:\/\/krankenhauspfarramt.de\/index.php\/2020\/10\/02\/kirchliche-arbeit-auf-dem-land-ist-mehr-als-naturromantik-ekd\/"},"modified":"2020-10-02T12:54:39","modified_gmt":"2020-10-02T12:54:39","slug":"kirchliche-arbeit-auf-dem-land-ist-mehr-als-naturromantik-ekd","status":"publish","type":"post","link":"https:\/\/krankenhauspfarramt.de\/index.php\/2020\/10\/02\/kirchliche-arbeit-auf-dem-land-ist-mehr-als-naturromantik-ekd\/","title":{"rendered":"Kirchliche Arbeit auf dem Land ist mehr als Naturromantik \u2013 EKD"},"content":{"rendered":"<p> <br \/>\n<\/p>\n<div id=\"\">\n<div class=\"article--meta article--meta__border clearfix\">\n<p>                                    <time datetime=\"02.10.2020 13:00\" class=\"article--time\">02.10.2020<\/time><strong class=\"article--type primus--overline\">Pressemitteilung<\/strong><\/p>\n<picture class=\"article--source-image image\"><source srcset=\"https:\/\/ekd.de\/ekd_de\/ds_img\/assets\/20170622_ekd-Quellenlogo_141.png\"><!--<source srcset=\"\/ekd_de\/ds_img\/assets\/20170622_ekd-Quellenlogo_141_rdax_141x59.png 1x, \/ekd_de\/ds_img\/assets\/20170622_ekd-Quellenlogo_141_rdax_282x118.png 2x, https:\/\/ekd.de\/ekd_de\/ds_img\/assets\/20170622_ekd-Quellenlogo_141.png 3x\">--><\/source><\/picture>\n<\/p><\/div>\n<h2 class=\"article--sub-headline primus--sub-headline\">5. Land-Kirchen-Konferenz der EKD tagte in Salem am Kummerower See<\/h2>\n<\/p><\/div>\n<div id=\"\">\n<p>Unter dem Motto \u201eIch sehe was, was Du nicht siehst!\u201c &#8211; in Abbr\u00fcchen Freiheit erleben.\u201c fand von Mittwoch, 30. September, bis Freitag, 2. Oktober, die 5. Land-Kirchen-Konferenz der Evangelischen Kirche in Deutschland (EKD) statt. Rund 50 Delegierte aus allen 20 Landeskirchen der EKD trafen dazu in Salem am Kummerower See zusammen. \u201eDurch unterschiedliche Vortr\u00e4ge, Exkursionen in den Kirchenkreisen Mecklenburg und Pommern, das Teilen eigener Erfolgsprojekte und viele Gespr\u00e4che haben wir Anregungen f\u00fcr die Arbeit der jeweiligen Gliedkirchen mitnehmen k\u00f6nnen\u201c, res\u00fcmierte EKD-Oberkirchenrat Andreas Jensen.<\/p>\n<p>Einer der H\u00f6hepunkte war der gemeinsame Gottesdienst in der Kirche zu Neukalen, in dem Tilman Jeremias, Bischof von Mecklenburg und Pommern predigte. \u201eSelbstverst\u00e4ndlich ist kirchliche Arbeit auf dem Land auch hier weit mehr als nur Naturromantik und Sie reden in diesen Tagen ja auch \u00fcber Abbr\u00fcche, die sich gerade in den gro\u00dfen geographischen Gebilden der l\u00e4ndlichen Kirchengemeinden hier im Osten mit nur sehr wenigen Gemeindemitgliedern besonders klar beobachten lassen\u201c, sagte Jeremias in dem Gottesdienst und f\u00fcgte hinzu: \u201eAber wir d\u00fcrfen andererseits auch nicht untersch\u00e4tzen, welche Attraktivit\u00e4t f\u00fcr d\u00f6rfliche Stellen auch in einer anziehenden Umgebung liegt. Und entdecken so vitale Zentren kirchlichen Lebens auf dem weiten Land, wenn wir nur genau hinschauen.\u201c<\/p>\n<p>Die Land-Kirchen-Konferenz steht in der Tradition der Reformprojekte der EKD und b\u00fcndelt im Anschluss an den EKD-Text Nr. 87 \u201eWandeln und Gestalten: Missionarische Aufgaben und Chancen in l\u00e4ndlichen R\u00e4umen\u201c (2007) Fragestellungen einer Kirche in der Fl\u00e4che.<\/p>\n<p>Die Dokumentationen fr\u00fcherer Land-Kirchen-Konferenzen und Fachtage finden sich gesammelt unter<br \/>https:\/\/www.kirche-im-aufbruch.ekd.de\/reformprozess\/publikationen\/dokumentation_und_material.html<\/p>\n<p>Hannover, 2. Oktober 2020<\/p>\n<p>Pressestelle der EKD\u00a0<br \/>Annika Lukas<br \/>\u00a0<\/p>\n<\/div>\n","protected":false},"excerpt":{"rendered":"<p>02.10.2020Pressemitteilung 5. Land-Kirchen-Konferenz der EKD tagte in Salem am Kummerower See Unter dem Motto \u201eIch sehe was, was Du nicht<\/p>\n","protected":false},"author":1,"featured_media":569,"comment_status":"closed","ping_status":"closed","sticky":false,"template":"","format":"standard","meta":{"footnotes":""},"categories":[20],"tags":[],"_links":{"self":[{"href":"https:\/\/krankenhauspfarramt.de\/index.php\/wp-json\/wp\/v2\/posts\/2133"}],"collection":[{"href":"https:\/\/krankenhauspfarramt.de\/index.php\/wp-json\/wp\/v2\/posts"}],"about":[{"href":"https:\/\/krankenhauspfarramt.de\/index.php\/wp-json\/wp\/v2\/types\/post"}],"author":[{"embeddable":true,"href":"https:\/\/krankenhauspfarramt.de\/index.php\/wp-json\/wp\/v2\/users\/1"}],"replies":[{"embeddable":true,"href":"https:\/\/krankenhauspfarramt.de\/index.php\/wp-json\/wp\/v2\/comments?post=2133"}],"version-history":[{"count":1,"href":"https:\/\/krankenhauspfarramt.de\/index.php\/wp-json\/wp\/v2\/posts\/2133\/revisions"}],"predecessor-version":[{"id":2134,"href":"https:\/\/krankenhauspfarramt.de\/index.php\/wp-json\/wp\/v2\/posts\/2133\/revisions\/2134"}],"wp:featuredmedia":[{"embeddable":true,"href":"https:\/\/krankenhauspfarramt.de\/index.php\/wp-json\/wp\/v2\/media\/569"}],"wp:attachment":[{"href":"https:\/\/krankenhauspfarramt.de\/index.php\/wp-json\/wp\/v2\/media?parent=2133"}],"wp:term":[{"taxonomy":"category","embeddable":true,"href":"https:\/\/krankenhauspfarramt.de\/index.php\/wp-json\/wp\/v2\/categories?post=2133"},{"taxonomy":"post_tag","embeddable":true,"href":"https:\/\/krankenhauspfarramt.de\/index.php\/wp-json\/wp\/v2\/tags?post=2133"}],"curies":[{"name":"wp","href":"https:\/\/api.w.org\/{rel}","templated":true}]}}