{"id":2148,"date":"2020-10-05T17:31:47","date_gmt":"2020-10-05T17:31:47","guid":{"rendered":"https:\/\/krankenhauspfarramt.de\/index.php\/2020\/10\/05\/evangelische-kirche-muss-auf-ausgetretene-zugehen-ekd\/"},"modified":"2020-10-05T17:31:49","modified_gmt":"2020-10-05T17:31:49","slug":"evangelische-kirche-muss-auf-ausgetretene-zugehen-ekd","status":"publish","type":"post","link":"https:\/\/krankenhauspfarramt.de\/index.php\/2020\/10\/05\/evangelische-kirche-muss-auf-ausgetretene-zugehen-ekd\/","title":{"rendered":"Evangelische Kirche muss auf Ausgetretene zugehen \u2013 EKD"},"content":{"rendered":"<p> <br \/>\n<\/p>\n<div>\n<p>Aus Sicht des 78-j\u00e4hrigen Theologen sollte die evangelische Kirche daher versuchen, mit der gro\u00dfen Zahl der Menschen mit einer indifferenten Haltung zu Religionen in Kontakt zu treten. &#8222;Dass wir mit denen das Gespr\u00e4ch nicht suchen, halte ich f\u00fcr einen kapitalen Fehler&#8220;, sagte der Berliner Altbischof, der von 2003 bis 2009 an der Spitze der EKD stand, in dem Gespr\u00e4ch mit &#8222;chrismon&#8220;. Gesch\u00e4tzt gebe es sechs oder sieben Millionen Menschen, die christlich getauft seien, im sp\u00e4teren Leben aber aus der Kirche ausgetreten seien. Diese k\u00f6nnten vielleicht am ehesten angesprochen werden und w\u00fcrden dann bestimmt bekennen, &#8222;dass der Grund, der sie eines Tages aus der Kirche herausgef\u00fchrt hat, \u00fcberhaupt nicht l\u00e4nger ein Grund ist, den sie heute als relevant akzeptieren&#8220;.<\/p>\n<p>Huber geh\u00f6rte zu jenen leitenden Geistlichen im Rat der EKD, die sich f\u00fcr die &#8222;chrismon&#8220;-Gr\u00fcndung eingesetzt hatten. Das Magazin feiert mit der Oktober-Ausgabe sein 20-j\u00e4hriges Bestehen. Es ging aus der Wochenzeitung &#8222;Deutsches Allgemeines Sonntagsblatt&#8220; hervor und richtet sich vor allem an Kirchenferne. Laut &#8222;Allensbacher Markt- und Werbetr\u00e4geranalyse 2020&#8220; erreicht &#8222;chrismon&#8220; rund 1,69 Millionen regelm\u00e4\u00dfige Leserinnen und Leser.<\/p>\n<p>&#8222;chrismon&#8220; wird vielen gro\u00dfen deutschen Tages- und Wochenzeitungen beigelegt, darunter die &#8222;Frankfurter Allgemeine Zeitung&#8220;, die &#8222;S\u00fcddeutsche Zeitung&#8220; und &#8222;Die Zeit&#8220;. Unter dem Titel &#8222;chrismon plus&#8220; gibt es eine erweiterte Abo-Ausgabe.<\/p>\n<p>Das Magazin wird vom Gemeinschaftswerk der Evangelischen Publizistik (GEP) mit Sitz in Frankfurt am Main verlegt. Das GEP ist das zentrale Mediendienstleistungsunternehmen EKD, ihrer Gliedkirchen, Werke und Einrichtungen. Es tr\u00e4gt unter anderem auch die Zentralredaktion des Evangelischen Pressedienstes (epd), das Internetportal &#8222;evangelisch.de&#8220; und das evangelische Contentnetzwerk &#8222;yeet&#8220;.<\/p>\n<\/p><\/div>\n","protected":false},"excerpt":{"rendered":"<p>Aus Sicht des 78-j\u00e4hrigen Theologen sollte die evangelische Kirche daher versuchen, mit der gro\u00dfen Zahl der Menschen mit einer indifferenten<\/p>\n","protected":false},"author":1,"featured_media":2149,"comment_status":"closed","ping_status":"closed","sticky":false,"template":"","format":"standard","meta":{"footnotes":""},"categories":[20],"tags":[],"_links":{"self":[{"href":"https:\/\/krankenhauspfarramt.de\/index.php\/wp-json\/wp\/v2\/posts\/2148"}],"collection":[{"href":"https:\/\/krankenhauspfarramt.de\/index.php\/wp-json\/wp\/v2\/posts"}],"about":[{"href":"https:\/\/krankenhauspfarramt.de\/index.php\/wp-json\/wp\/v2\/types\/post"}],"author":[{"embeddable":true,"href":"https:\/\/krankenhauspfarramt.de\/index.php\/wp-json\/wp\/v2\/users\/1"}],"replies":[{"embeddable":true,"href":"https:\/\/krankenhauspfarramt.de\/index.php\/wp-json\/wp\/v2\/comments?post=2148"}],"version-history":[{"count":1,"href":"https:\/\/krankenhauspfarramt.de\/index.php\/wp-json\/wp\/v2\/posts\/2148\/revisions"}],"predecessor-version":[{"id":2150,"href":"https:\/\/krankenhauspfarramt.de\/index.php\/wp-json\/wp\/v2\/posts\/2148\/revisions\/2150"}],"wp:featuredmedia":[{"embeddable":true,"href":"https:\/\/krankenhauspfarramt.de\/index.php\/wp-json\/wp\/v2\/media\/2149"}],"wp:attachment":[{"href":"https:\/\/krankenhauspfarramt.de\/index.php\/wp-json\/wp\/v2\/media?parent=2148"}],"wp:term":[{"taxonomy":"category","embeddable":true,"href":"https:\/\/krankenhauspfarramt.de\/index.php\/wp-json\/wp\/v2\/categories?post=2148"},{"taxonomy":"post_tag","embeddable":true,"href":"https:\/\/krankenhauspfarramt.de\/index.php\/wp-json\/wp\/v2\/tags?post=2148"}],"curies":[{"name":"wp","href":"https:\/\/api.w.org\/{rel}","templated":true}]}}