{"id":2192,"date":"2020-10-12T16:02:31","date_gmt":"2020-10-12T16:02:31","guid":{"rendered":"https:\/\/krankenhauspfarramt.de\/index.php\/2020\/10\/12\/diakonie-und-caritas-fordern-staerkung-der-palliativversorgung-ekd\/"},"modified":"2020-10-12T16:02:33","modified_gmt":"2020-10-12T16:02:33","slug":"diakonie-und-caritas-fordern-staerkung-der-palliativversorgung-ekd","status":"publish","type":"post","link":"https:\/\/krankenhauspfarramt.de\/index.php\/2020\/10\/12\/diakonie-und-caritas-fordern-staerkung-der-palliativversorgung-ekd\/","title":{"rendered":"Diakonie und Caritas fordern St\u00e4rkung der Palliativversorgung \u2013 EKD"},"content":{"rendered":"<p> <br \/>\n<\/p>\n<div>\n<p>Das Bundesverfassungsgericht hatte im Februar das seit 2015 geltende Verbot organisierter Hilfe beim Suizid gekippt. Danach stand es unter Strafe, wenn Organisationen oder \u00c4rzte wiederholt Sterbewilligen bei der Selbstt\u00f6tung halfen. Die beiden gro\u00dfen Kirchen hatten sich entt\u00e4uscht \u00fcber das Urteil ge\u00e4u\u00dfert. Ob sich der Bundestag noch in dieser Wahlperiode mit einem neuen Sterbehilfe-Gesetz befassen wird, ist offen.<\/p>\n<p>Die Diakonie forderte die Bundesregierung auf, die im Koalitionsvertrag angek\u00fcndigte Kosten\u00fcbernahme f\u00fcr die Koordination von Hospiz- und Palliativversorgungsangeboten z\u00fcgig umzusetzen. Um schwerstkranken Menschen ihre letzte Lebensphase so angenehm wie m\u00f6glich zu machen, m\u00fcssten \u201esich ambulante und station\u00e4re Hospiz- und Palliativdienste in regionalen Netzwerken zusammenschlie\u00dfen und ihre Ressourcen, Erfahrungen und Kompetenzen b\u00fcndeln\u201c, sagte Diakonievorst\u00e4ndin Maria Loheide. Auch die Koordination der Zusammenarbeit der Haupt- und Ehrenamtlichen sei wichtig: \u201eDaf\u00fcr m\u00fcssen professionelle Koordinierungsstellen strukturell gesichert und verl\u00e4sslich finanziert werden.\u201c<\/p>\n<p>\u00a0<\/p>\n<\/p><\/div>\n","protected":false},"excerpt":{"rendered":"<p>Das Bundesverfassungsgericht hatte im Februar das seit 2015 geltende Verbot organisierter Hilfe beim Suizid gekippt. Danach stand es unter Strafe,<\/p>\n","protected":false},"author":1,"featured_media":2193,"comment_status":"closed","ping_status":"closed","sticky":false,"template":"","format":"standard","meta":{"footnotes":""},"categories":[20],"tags":[],"_links":{"self":[{"href":"https:\/\/krankenhauspfarramt.de\/index.php\/wp-json\/wp\/v2\/posts\/2192"}],"collection":[{"href":"https:\/\/krankenhauspfarramt.de\/index.php\/wp-json\/wp\/v2\/posts"}],"about":[{"href":"https:\/\/krankenhauspfarramt.de\/index.php\/wp-json\/wp\/v2\/types\/post"}],"author":[{"embeddable":true,"href":"https:\/\/krankenhauspfarramt.de\/index.php\/wp-json\/wp\/v2\/users\/1"}],"replies":[{"embeddable":true,"href":"https:\/\/krankenhauspfarramt.de\/index.php\/wp-json\/wp\/v2\/comments?post=2192"}],"version-history":[{"count":1,"href":"https:\/\/krankenhauspfarramt.de\/index.php\/wp-json\/wp\/v2\/posts\/2192\/revisions"}],"predecessor-version":[{"id":2194,"href":"https:\/\/krankenhauspfarramt.de\/index.php\/wp-json\/wp\/v2\/posts\/2192\/revisions\/2194"}],"wp:featuredmedia":[{"embeddable":true,"href":"https:\/\/krankenhauspfarramt.de\/index.php\/wp-json\/wp\/v2\/media\/2193"}],"wp:attachment":[{"href":"https:\/\/krankenhauspfarramt.de\/index.php\/wp-json\/wp\/v2\/media?parent=2192"}],"wp:term":[{"taxonomy":"category","embeddable":true,"href":"https:\/\/krankenhauspfarramt.de\/index.php\/wp-json\/wp\/v2\/categories?post=2192"},{"taxonomy":"post_tag","embeddable":true,"href":"https:\/\/krankenhauspfarramt.de\/index.php\/wp-json\/wp\/v2\/tags?post=2192"}],"curies":[{"name":"wp","href":"https:\/\/api.w.org\/{rel}","templated":true}]}}