{"id":2244,"date":"2020-10-19T19:27:07","date_gmt":"2020-10-19T19:27:07","guid":{"rendered":"https:\/\/krankenhauspfarramt.de\/index.php\/2020\/10\/19\/evangelische-kirche-erinnert-an-75-jahre-stuttgarter-schulderklaerung-ekd\/"},"modified":"2020-10-19T19:27:09","modified_gmt":"2020-10-19T19:27:09","slug":"evangelische-kirche-erinnert-an-75-jahre-stuttgarter-schulderklaerung-ekd","status":"publish","type":"post","link":"https:\/\/krankenhauspfarramt.de\/index.php\/2020\/10\/19\/evangelische-kirche-erinnert-an-75-jahre-stuttgarter-schulderklaerung-ekd\/","title":{"rendered":"Evangelische Kirche erinnert an 75 Jahre Stuttgarter Schulderkl\u00e4rung \u2013 EKD"},"content":{"rendered":"<p> <br \/>\n<\/p>\n<div>\n<p>Nach der furchtbaren Zeit der Evangelischen\u00a0Kirche\u00a0im Nationalsozialismus habe es die Worte der Erkl\u00e4rung gebraucht, in der es hei\u00dft: \u201eWir klagen uns an, dass wir nicht mutiger bekannt, nicht treuer gebetet, nicht fr\u00f6hlicher geglaubt und nicht brennender geliebt haben.\u201c\u00a0Sie seien mehr als ein liturgisches \u201emea culpa\u201c. Sie seien Ausdruck der \u201eexistenziellen Dunkelheit\u201c, die die Verfasser des Stuttgarter Schuldbekenntnisses angesichts der Abgr\u00fcnde der Jahre des Dritten Reichs stellvertretend f\u00fcr Viele vor nun 75 Jahren zum Ausdruck gebracht h\u00e4tten.<\/p>\n<p>Ein Neuanfang bedeute aber ganz bestimmt nicht, alles einfach hinter sich zu lassen und einen Schlussstrich zu ziehen, betonte Bedford-Strohm, der auch bayerischer Landesbischof ist. Bei seinem Besuch im Konzentrationslager Auschwitz habe er gesp\u00fcrt: \u201e75 Jahre sind angesichts dieser Vergangenheit, dieser Taten, gar nichts, ein Windhauch nur.\u201c<\/p>\n<p>Der evangelische Landesbischof in W\u00fcrttemberg, Frank Otfried July, betonte in seinem Eingangswort die Bedeutung des 1945 umstrittenen Dokumentes und r\u00e4umte zugleich ein, dass es blinde Flecken habe: &#8222;Kein Wort zur Verfolgung und Vernichtung des Judentums in Europa, kein Wort zur Verfolgung der Sinti und Roma, kein Wort zu Kriegsgr\u00e4ueln, kein Wort zur Verfolgung anderer Minderheiten.&#8220; Eine gro\u00dfe Verbreitung der Stuttgarter Erkl\u00e4rung sei zun\u00e4chst wohl gar nicht vorgesehen gewesen, und bis der Blick auf Schuld und Unrecht wirklich pr\u00e4sent war, habe es Jahrzehnte gebraucht.<\/p>\n<\/p><\/div>\n","protected":false},"excerpt":{"rendered":"<p>Nach der furchtbaren Zeit der Evangelischen\u00a0Kirche\u00a0im Nationalsozialismus habe es die Worte der Erkl\u00e4rung gebraucht, in der es hei\u00dft: \u201eWir klagen<\/p>\n","protected":false},"author":1,"featured_media":2245,"comment_status":"closed","ping_status":"closed","sticky":false,"template":"","format":"standard","meta":{"footnotes":""},"categories":[20],"tags":[],"_links":{"self":[{"href":"https:\/\/krankenhauspfarramt.de\/index.php\/wp-json\/wp\/v2\/posts\/2244"}],"collection":[{"href":"https:\/\/krankenhauspfarramt.de\/index.php\/wp-json\/wp\/v2\/posts"}],"about":[{"href":"https:\/\/krankenhauspfarramt.de\/index.php\/wp-json\/wp\/v2\/types\/post"}],"author":[{"embeddable":true,"href":"https:\/\/krankenhauspfarramt.de\/index.php\/wp-json\/wp\/v2\/users\/1"}],"replies":[{"embeddable":true,"href":"https:\/\/krankenhauspfarramt.de\/index.php\/wp-json\/wp\/v2\/comments?post=2244"}],"version-history":[{"count":1,"href":"https:\/\/krankenhauspfarramt.de\/index.php\/wp-json\/wp\/v2\/posts\/2244\/revisions"}],"predecessor-version":[{"id":2246,"href":"https:\/\/krankenhauspfarramt.de\/index.php\/wp-json\/wp\/v2\/posts\/2244\/revisions\/2246"}],"wp:featuredmedia":[{"embeddable":true,"href":"https:\/\/krankenhauspfarramt.de\/index.php\/wp-json\/wp\/v2\/media\/2245"}],"wp:attachment":[{"href":"https:\/\/krankenhauspfarramt.de\/index.php\/wp-json\/wp\/v2\/media?parent=2244"}],"wp:term":[{"taxonomy":"category","embeddable":true,"href":"https:\/\/krankenhauspfarramt.de\/index.php\/wp-json\/wp\/v2\/categories?post=2244"},{"taxonomy":"post_tag","embeddable":true,"href":"https:\/\/krankenhauspfarramt.de\/index.php\/wp-json\/wp\/v2\/tags?post=2244"}],"curies":[{"name":"wp","href":"https:\/\/api.w.org\/{rel}","templated":true}]}}