{"id":2269,"date":"2020-10-22T16:16:55","date_gmt":"2020-10-22T16:16:55","guid":{"rendered":"https:\/\/krankenhauspfarramt.de\/index.php\/2020\/10\/22\/trauer-um-langjaehrigen-uek-vorsitzenden-ulrich-fischer-ekd\/"},"modified":"2020-10-22T16:16:57","modified_gmt":"2020-10-22T16:16:57","slug":"trauer-um-langjaehrigen-uek-vorsitzenden-ulrich-fischer-ekd","status":"publish","type":"post","link":"https:\/\/krankenhauspfarramt.de\/index.php\/2020\/10\/22\/trauer-um-langjaehrigen-uek-vorsitzenden-ulrich-fischer-ekd\/","title":{"rendered":"Trauer um langj\u00e4hrigen UEK-Vorsitzenden Ulrich Fischer \u2013 EKD"},"content":{"rendered":"<p> <br \/>\n<\/p>\n<div id=\"\">\n<div class=\"article--meta article--meta__border clearfix\">\n<p>                                    <time datetime=\"22.10.2020 15:30\" class=\"article--time\">22.10.2020<\/time><strong class=\"article--type primus--overline\">Pressemitteilung<\/strong><\/p>\n<\/p><\/div>\n<h2 class=\"article--sub-headline primus--sub-headline\">\u201eEine der pr\u00e4genden unierten Pers\u00f6nlichkeiten des deutschen Protestantismus\u201c<\/h2>\n<\/p><\/div>\n<div id=\"\">\n<p style=\"margin-bottom:0.0001pt; margin-left:0cm; margin-right:0cm; margin-top:0cm\">Die Nachricht vom Tod von Ulrich Fischer hat bei der Union Evangelischer Kirchen in der EKD (UEK) Trauer und Best\u00fcrzung ausgel\u00f6st. Landesbischof i. R. Ulrich Fischer war am Mittwoch im Alter von 71 Jahren nach einer schweren Krebserkrankung verstorben.<\/p>\n<p style=\"margin-bottom:0.0001pt; margin-left:0cm; margin-right:0cm; margin-top:0cm\">\u00a0<\/p>\n<p style=\"margin-bottom:0.0001pt; margin-left:0cm; margin-right:0cm; margin-top:0cm\">Von 1998 bis 2014 war er Landesbischof der Evangelischen Landeskirche in Baden. Ab September 2000 amtierte Ulrich Fischer als Vorsitzender der Arnoldshainer Konferenz, die 2003 in der UEK aufging, zu deren 1. Vorsitzenden Fischer am 18. Oktober 2003 in Erfurt gew\u00e4hlt und am 1. Mai 2009 in W\u00fcrzburg f\u00fcr weitere sechs Jahre best\u00e4tigt wurde. Er war ein \u201emutmachender, fr\u00f6hlicher Protestant mit gro\u00dfer Glaubenskraft und Ausstrahlung\u201c, wie Kirchenpr\u00e4sident Christian Schad, der ihm in dieser Funktion bei der UEK nachfolgte, betonte. \u201eWir sind dankbar f\u00fcr sein \u00fcberaus gro\u00dfes geistliches und kirchenleitendes Engagement f\u00fcr die unierten Kirchen in Deutschland\u201c, sagte Kirchenpr\u00e4sident Christian Schad. Die UEK verliere mit Landesbischof i.R. Ulrich Fischer eine der pr\u00e4genden unierten Pers\u00f6nlichkeiten des deutschen Protestantismus. Kirchenpr\u00e4sident Christian Schad bezeichnete Landesbischof. i. R. Ulrich Fischer in einem Nachruf als einen der \u201eV\u00e4ter\u201c der UEK. Es geh\u00f6re zu seinen Verdiensten, dass sich die UEK heute \u201edurch eine herausragende theologische und liturgische Arbeit\u201c auszeichne.<\/p>\n<p style=\"margin-bottom:0.0001pt; margin-left:0cm; margin-right:0cm; margin-top:0cm\">\u00a0<\/p>\n<p style=\"margin-bottom:0.0001pt; margin-left:0cm; margin-right:0cm; margin-top:0cm\">Bisch\u00f6fin Petra Bosse-Huber, Leiterin des Amtsbereichs der UEK im Kirchenamt der EKD, nannte Ulrich Fischer eine geistliche Leitungspers\u00f6nlichkeit \u201emit gro\u00dfer kirchenpolitischer Weitsicht\u201c. Den Amtsbereich der UEK von Berlin ins Kirchenamt der EKD in Hannover zu verlegen, geh\u00f6re auch zu seinen kirchenpolitischen Entscheidungen. Dadurch sei das \u201efruchtbare Miteinander von Lutheranern, Unierten und Reformierten au\u00dferordentlich belebt und neu strukturiert worden\u201c. Bisch\u00f6fin Petra Bosse-Huber sagte, die UEK werde Landesbischof i. R. Ulrich Fischers in gro\u00dfer Dankbarkeit gedenken und seine Familie in die F\u00fcrbitte einschlie\u00dfen. Der Witwe Ulrich Fischers und seinen drei Kindern wei\u00df sich die UEK in ihrer Trauer sehr verbunden, aber auch in der Hoffnung auf den \u201eVater der Barmherzigkeit und Gott allen Trostes, der uns tr\u00f6stet in aller unserer Tr\u00fcbsal\u201c (2. Korintherbrief 1,3).<\/p>\n<p style=\"margin-bottom:0.0001pt; margin-left:0cm; margin-right:0cm; margin-top:0cm\">\u00a0<\/p>\n<p style=\"margin-bottom:0.0001pt; margin-left:0cm; margin-right:0cm; margin-top:0cm\">Hannover, 22. Oktober 2020<\/p>\n<p style=\"margin-bottom:0.0001pt; margin-left:0cm; margin-right:0cm; margin-top:0cm\">\u00a0<\/p>\n<p style=\"margin-bottom:0.0001pt; margin-left:0cm; margin-right:0cm; margin-top:0cm\">Pressestelle der UEK<\/p>\n<p class=\"VELKDFlietext\" style=\"margin-bottom:0.0001pt; margin-left:0cm; margin-right:0cm; margin-top:0cm\">\u00a0<\/p>\n<p class=\"VELKDFlietext\" style=\"margin-bottom:0.0001pt; margin-left:0cm; margin-right:0cm; margin-top:0cm\">\u00a0<\/p>\n<p class=\"VELKDFlietext\" style=\"margin-bottom:0.0001pt; margin-left:0cm; margin-right:0cm; margin-top:0cm\">\u00a0<\/p>\n<\/div>\n","protected":false},"excerpt":{"rendered":"<p>22.10.2020Pressemitteilung \u201eEine der pr\u00e4genden unierten Pers\u00f6nlichkeiten des deutschen Protestantismus\u201c Die Nachricht vom Tod von Ulrich Fischer hat bei der Union<\/p>\n","protected":false},"author":1,"featured_media":2270,"comment_status":"closed","ping_status":"closed","sticky":false,"template":"","format":"standard","meta":{"footnotes":""},"categories":[20],"tags":[],"_links":{"self":[{"href":"https:\/\/krankenhauspfarramt.de\/index.php\/wp-json\/wp\/v2\/posts\/2269"}],"collection":[{"href":"https:\/\/krankenhauspfarramt.de\/index.php\/wp-json\/wp\/v2\/posts"}],"about":[{"href":"https:\/\/krankenhauspfarramt.de\/index.php\/wp-json\/wp\/v2\/types\/post"}],"author":[{"embeddable":true,"href":"https:\/\/krankenhauspfarramt.de\/index.php\/wp-json\/wp\/v2\/users\/1"}],"replies":[{"embeddable":true,"href":"https:\/\/krankenhauspfarramt.de\/index.php\/wp-json\/wp\/v2\/comments?post=2269"}],"version-history":[{"count":1,"href":"https:\/\/krankenhauspfarramt.de\/index.php\/wp-json\/wp\/v2\/posts\/2269\/revisions"}],"predecessor-version":[{"id":2271,"href":"https:\/\/krankenhauspfarramt.de\/index.php\/wp-json\/wp\/v2\/posts\/2269\/revisions\/2271"}],"wp:featuredmedia":[{"embeddable":true,"href":"https:\/\/krankenhauspfarramt.de\/index.php\/wp-json\/wp\/v2\/media\/2270"}],"wp:attachment":[{"href":"https:\/\/krankenhauspfarramt.de\/index.php\/wp-json\/wp\/v2\/media?parent=2269"}],"wp:term":[{"taxonomy":"category","embeddable":true,"href":"https:\/\/krankenhauspfarramt.de\/index.php\/wp-json\/wp\/v2\/categories?post=2269"},{"taxonomy":"post_tag","embeddable":true,"href":"https:\/\/krankenhauspfarramt.de\/index.php\/wp-json\/wp\/v2\/tags?post=2269"}],"curies":[{"name":"wp","href":"https:\/\/api.w.org\/{rel}","templated":true}]}}