{"id":2272,"date":"2020-10-22T20:18:05","date_gmt":"2020-10-22T20:18:05","guid":{"rendered":"https:\/\/krankenhauspfarramt.de\/index.php\/2020\/10\/22\/errichter-einig-ueber-verlaengerung-der-stiftung-anerkennung-und-hilfe-ekd\/"},"modified":"2020-10-22T20:18:07","modified_gmt":"2020-10-22T20:18:07","slug":"errichter-einig-ueber-verlaengerung-der-stiftung-anerkennung-und-hilfe-ekd","status":"publish","type":"post","link":"https:\/\/krankenhauspfarramt.de\/index.php\/2020\/10\/22\/errichter-einig-ueber-verlaengerung-der-stiftung-anerkennung-und-hilfe-ekd\/","title":{"rendered":"Errichter einig \u00fcber Verl\u00e4ngerung der Stiftung Anerkennung und Hilfe \u2013 EKD"},"content":{"rendered":"<p> <br \/>\n<\/p>\n<div id=\"\">\n<div class=\"article--meta article--meta__border clearfix\">\n<p>                                    <time datetime=\"22.10.2020 15:00\" class=\"article--time\">22.10.2020<\/time><strong class=\"article--type primus--overline\">Pressemitteilung<\/strong><\/p>\n<picture class=\"article--source-image image\"><source srcset=\"https:\/\/ekd.de\/ekd_de\/ds_img\/assets\/20170622_ekd-Quellenlogo_141.png\"><!--<source srcset=\"\/ekd_de\/ds_img\/assets\/20170622_ekd-Quellenlogo_141_rdax_141x59.png 1x, \/ekd_de\/ds_img\/assets\/20170622_ekd-Quellenlogo_141_rdax_282x118.png 2x, https:\/\/ekd.de\/ekd_de\/ds_img\/assets\/20170622_ekd-Quellenlogo_141.png 3x\">--><\/source><\/picture>\n<\/p><\/div>\n<h2 class=\"article--sub-headline primus--sub-headline\">Anmeldungen zum Erhalt von Stiftungsleistungen sollen bis zum  30. Juni 2021 erm\u00f6glicht werden. Aufstockung des Stiftungsverm\u00f6gens geplant<\/h2>\n<\/p><\/div>\n<div id=\"\">\n<p style=\"margin-bottom:0.0001pt; margin-left:0cm; margin-right:0cm; margin-top:0cm\">Bund, L\u00e4nder und Kirchen als Errichter der Stiftung Anerkennung und Hilfe haben sich heute in einer gemeinsamen Sitzung darauf verst\u00e4ndigt, ihren Gremien zu empfehlen,<\/p>\n<ul>\n<li style=\"margin: 0cm 0cm 0.0001pt;\">die Anmeldefrist zum Erhalt von Stiftungsleistungen bis zum 30. Juni 2021 zu verl\u00e4ngern,<\/li>\n<li style=\"margin: 0cm 0cm 0.0001pt;\">die Bearbeitungszeit in den Anlauf- und Beratungsstellen bis zum 31.\u00a0Dezember 2022 zu verl\u00e4ngern und<\/li>\n<li style=\"margin: 0cm 0cm 0.0001pt;\">das Stiftungsverm\u00f6gen um rund 17,5 Mio. Euro aufzustocken.<\/li>\n<\/ul>\n<p style=\"margin-bottom:0.0001pt; margin-left:0cm; margin-right:0cm; margin-top:0cm\">Den Errichtern der Stiftung war es von Anfang an wichtig, m\u00f6glichst alle Betroffenen zu erreichen. Sie haben daher die Anmeldefrist bereits um ein Jahr verl\u00e4ngert. Durch die Corona-Pandemie war der Zugang zu den Leistungen der Stiftung erheblich erschwert. Diese Nachteile gilt es durch die erneute Verl\u00e4ngerung der Anmeldefrist auszugleichen.<\/p>\n<p style=\"margin-bottom:0.0001pt; margin-left:0cm; margin-right:0cm; margin-top:0cm\">\u00a0<\/p>\n<p style=\"margin-bottom:0.0001pt; margin-left:0cm; margin-right:0cm; margin-top:0cm\">Die Ma\u00dfnahmen zur Eind\u00e4mmung der Corona-Pandemie haben f\u00fcr die im Zentrum der Stiftungsarbeit stehenden Menschen zu sehr nachteiligen Auswirkungen gef\u00fchrt. Auch die Arbeit in den regionalen Anlauf- und Beratungsstellen der Stiftung wurde erheblich erschwert.<\/p>\n<p style=\"margin-bottom:0.0001pt; margin-left:0cm; margin-right:0cm; margin-top:0cm\">\u00a0<\/p>\n<p style=\"margin-bottom:0.0001pt; margin-left:0cm; margin-right:0cm; margin-top:0cm\">Durch die beabsichtigte Verl\u00e4ngerung der gemeinsamen Finanzierung der Anlauf- und Beratungsstellen soll sichergestellt werden, dass alle Anmeldungen, die innerhalb des verl\u00e4ngerten Anmeldezeitraumes erfolgen, gepr\u00fcft und abschlie\u00dfend bearbeitet werden. F\u00fcr eine Anmeldung gen\u00fcgt ein Anruf oder eine E-Mail.<\/p>\n<p style=\"margin-bottom:0.0001pt; margin-left:0cm; margin-right:0cm; margin-top:0cm\">\u00a0<\/p>\n<p style=\"margin-bottom:0.0001pt; margin-left:0cm; margin-right:0cm; margin-top:0cm\">Zudem soll das Stiftungsverm\u00f6gen auf insgesamt 305.517.383 Euro erh\u00f6ht werden, um die vereinbarten Ziele der Stiftung zu erreichen.<\/p>\n<p style=\"margin-bottom:0.0001pt; margin-left:0cm; margin-right:0cm; margin-top:0cm\">\u00a0<\/p>\n<p style=\"margin-bottom:0.0001pt; margin-left:0cm; margin-right:0cm; margin-top:0cm\">Die Stiftung Anerkennung und Hilfe erbringt Anerkennungs- und Unterst\u00fctzungsleistungen an Betroffene, die zwischen 1949 und 1975 als Kinder oder Jugendliche in der Bundesrepublik Deutschland bzw. im Zeitraum von 1949 bis 1990 in der ehemaligen DDR in station\u00e4ren Einrichtungen der Behindertenhilfe oder station\u00e4ren Einrichtungen der Psychiatrie Leid und Unrecht erfahren haben und heute noch an den Folgen leiden. Um Stiftungsleistungen erhalten zu k\u00f6nnen, war es bisher erforderlich, dass Betroffene sich sp\u00e4testens bis zum 31. Dezember 2020 an eine Anlauf- und Beratungsstelle wenden und sich dort f\u00fcr Leistungen anmelden.<\/p>\n<p style=\"margin-bottom:0.0001pt; margin-left:0cm; margin-right:0cm; margin-top:0cm\">\u00a0<\/p>\n<p style=\"margin-bottom:0.0001pt; margin-left:0cm; margin-right:0cm; margin-top:0cm\">Die Anlauf- und Beratungsstellen der Stiftung sind seit 2017 in allen 16\u00a0Bundesl\u00e4ndern eingerichtet. Genauere Informationen zu den Anlauf- und Beratungsstellen und zur Stiftung Anerkennung und Hilfe bietet der barrierefreie Internetauftritt www.stiftung-anerkennung-hilfe.de und das Infotelefon der Stiftung (0800 221 2218).<\/p>\n<p style=\"margin-bottom:0.0001pt; margin-left:0cm; margin-right:0cm; margin-top:0cm\">\u00a0<\/p>\n<p style=\"margin-bottom:0.0001pt; margin-left:0cm; margin-right:0cm; margin-top:0cm\">Berlin\/Hannover, 22. Oktober 2020<\/p>\n<p style=\"margin-bottom:0.0001pt; margin-left:0cm; margin-right:0cm; margin-top:0cm\">\u00a0<\/p>\n<p style=\"margin-bottom:0.0001pt; margin-left:0cm; margin-right:0cm; margin-top:0cm\">Pressestelle der EKD<\/p>\n<p style=\"margin-bottom:0.0001pt; margin-left:0cm; margin-right:0cm; margin-top:0cm\">Carsten Splitt<\/p>\n<\/div>\n","protected":false},"excerpt":{"rendered":"<p>22.10.2020Pressemitteilung Anmeldungen zum Erhalt von Stiftungsleistungen sollen bis zum 30. Juni 2021 erm\u00f6glicht werden. Aufstockung des Stiftungsverm\u00f6gens geplant Bund, L\u00e4nder<\/p>\n","protected":false},"author":1,"featured_media":569,"comment_status":"closed","ping_status":"closed","sticky":false,"template":"","format":"standard","meta":{"footnotes":""},"categories":[20],"tags":[],"_links":{"self":[{"href":"https:\/\/krankenhauspfarramt.de\/index.php\/wp-json\/wp\/v2\/posts\/2272"}],"collection":[{"href":"https:\/\/krankenhauspfarramt.de\/index.php\/wp-json\/wp\/v2\/posts"}],"about":[{"href":"https:\/\/krankenhauspfarramt.de\/index.php\/wp-json\/wp\/v2\/types\/post"}],"author":[{"embeddable":true,"href":"https:\/\/krankenhauspfarramt.de\/index.php\/wp-json\/wp\/v2\/users\/1"}],"replies":[{"embeddable":true,"href":"https:\/\/krankenhauspfarramt.de\/index.php\/wp-json\/wp\/v2\/comments?post=2272"}],"version-history":[{"count":1,"href":"https:\/\/krankenhauspfarramt.de\/index.php\/wp-json\/wp\/v2\/posts\/2272\/revisions"}],"predecessor-version":[{"id":2273,"href":"https:\/\/krankenhauspfarramt.de\/index.php\/wp-json\/wp\/v2\/posts\/2272\/revisions\/2273"}],"wp:featuredmedia":[{"embeddable":true,"href":"https:\/\/krankenhauspfarramt.de\/index.php\/wp-json\/wp\/v2\/media\/569"}],"wp:attachment":[{"href":"https:\/\/krankenhauspfarramt.de\/index.php\/wp-json\/wp\/v2\/media?parent=2272"}],"wp:term":[{"taxonomy":"category","embeddable":true,"href":"https:\/\/krankenhauspfarramt.de\/index.php\/wp-json\/wp\/v2\/categories?post=2272"},{"taxonomy":"post_tag","embeddable":true,"href":"https:\/\/krankenhauspfarramt.de\/index.php\/wp-json\/wp\/v2\/tags?post=2272"}],"curies":[{"name":"wp","href":"https:\/\/api.w.org\/{rel}","templated":true}]}}