{"id":2274,"date":"2020-10-22T20:59:03","date_gmt":"2020-10-22T20:59:03","guid":{"rendered":"https:\/\/krankenhauspfarramt.de\/index.php\/2020\/10\/22\/drei-10-livestream-ekd\/"},"modified":"2020-10-22T20:59:09","modified_gmt":"2020-10-22T20:59:09","slug":"drei-10-livestream-ekd","status":"publish","type":"post","link":"https:\/\/krankenhauspfarramt.de\/index.php\/2020\/10\/22\/drei-10-livestream-ekd\/","title":{"rendered":"DREI 10 LIVESTREAM \u2013 EKD"},"content":{"rendered":"<p> <br \/>\n<\/p>\n<div id=\"\">\n<p style=\"margin-bottom:8pt; margin-left:0cm; margin-right:0cm; margin-top:0cm\"><span style=\"line-height:107%\">Das Evangelische Jugendwerk Bezirk N\u00fcrtingen m\u00f6chte regelm\u00e4\u00dfige Livestream-Gottesdienste f\u00fcr und mit Jugendlichen anbieten. Hier sollen relevante Themen \u00a0f\u00fcr die Zielgruppe 13-16j\u00e4hrige zur Sprache und die Jugendlichen selbst zu Wort kommen. Dazu wird ein neues Team gebildet, dass in der technischen Betreuung und inhaltlichen Gestaltung der Gottesdienste geschult wird. Das Projekt wird durch den Jugendreferenten betreut und an die lokalen Gemeindeformen angedockt. Gemeinsam mit den Jugendlichen soll so eine zeitgem\u00e4\u00dfe und zielgruppengerechte Form der Verk\u00fcndigung entwickelt werden.<\/span><\/p>\n<p style=\"margin-bottom:8pt; margin-left:0cm; margin-right:0cm; margin-top:0cm\"><span style=\"line-height:107%\">Mehr Infos finden Sie hier.<\/span><\/p>\n<p style=\"margin-bottom:8pt; margin-left:0cm; margin-right:0cm; margin-top:0cm\"><span style=\"line-height:107%\">Das Projekt wird mit 2000 Euro durch den Digitalinnovationsfonds gef\u00f6rdert.<\/span><\/p>\n<\/div>\n","protected":false},"excerpt":{"rendered":"<p>Das Evangelische Jugendwerk Bezirk N\u00fcrtingen m\u00f6chte regelm\u00e4\u00dfige Livestream-Gottesdienste f\u00fcr und mit Jugendlichen anbieten. Hier sollen relevante Themen \u00a0f\u00fcr die Zielgruppe<\/p>\n","protected":false},"author":1,"featured_media":2275,"comment_status":"closed","ping_status":"closed","sticky":false,"template":"","format":"standard","meta":{"footnotes":""},"categories":[20],"tags":[],"_links":{"self":[{"href":"https:\/\/krankenhauspfarramt.de\/index.php\/wp-json\/wp\/v2\/posts\/2274"}],"collection":[{"href":"https:\/\/krankenhauspfarramt.de\/index.php\/wp-json\/wp\/v2\/posts"}],"about":[{"href":"https:\/\/krankenhauspfarramt.de\/index.php\/wp-json\/wp\/v2\/types\/post"}],"author":[{"embeddable":true,"href":"https:\/\/krankenhauspfarramt.de\/index.php\/wp-json\/wp\/v2\/users\/1"}],"replies":[{"embeddable":true,"href":"https:\/\/krankenhauspfarramt.de\/index.php\/wp-json\/wp\/v2\/comments?post=2274"}],"version-history":[{"count":1,"href":"https:\/\/krankenhauspfarramt.de\/index.php\/wp-json\/wp\/v2\/posts\/2274\/revisions"}],"predecessor-version":[{"id":2276,"href":"https:\/\/krankenhauspfarramt.de\/index.php\/wp-json\/wp\/v2\/posts\/2274\/revisions\/2276"}],"wp:featuredmedia":[{"embeddable":true,"href":"https:\/\/krankenhauspfarramt.de\/index.php\/wp-json\/wp\/v2\/media\/2275"}],"wp:attachment":[{"href":"https:\/\/krankenhauspfarramt.de\/index.php\/wp-json\/wp\/v2\/media?parent=2274"}],"wp:term":[{"taxonomy":"category","embeddable":true,"href":"https:\/\/krankenhauspfarramt.de\/index.php\/wp-json\/wp\/v2\/categories?post=2274"},{"taxonomy":"post_tag","embeddable":true,"href":"https:\/\/krankenhauspfarramt.de\/index.php\/wp-json\/wp\/v2\/tags?post=2274"}],"curies":[{"name":"wp","href":"https:\/\/api.w.org\/{rel}","templated":true}]}}