{"id":2290,"date":"2020-10-23T21:19:17","date_gmt":"2020-10-23T21:19:17","guid":{"rendered":"https:\/\/krankenhauspfarramt.de\/index.php\/2020\/10\/23\/altbischof-fischer-hat-wichtige-anstoesse-gegeben-ekd\/"},"modified":"2020-10-23T21:19:19","modified_gmt":"2020-10-23T21:19:19","slug":"altbischof-fischer-hat-wichtige-anstoesse-gegeben-ekd","status":"publish","type":"post","link":"https:\/\/krankenhauspfarramt.de\/index.php\/2020\/10\/23\/altbischof-fischer-hat-wichtige-anstoesse-gegeben-ekd\/","title":{"rendered":"Altbischof Fischer hat wichtige Anst\u00f6\u00dfe gegeben \u2013 EKD"},"content":{"rendered":"<p> <br \/>\n<\/p>\n<div id=\"\">\n<p>Hannover (epd). Der Ratsvorsitzende der Evangelischen Kirche in Deutschland (EKD), Heinrich Bedford-Strohm, hat den verstorbenen badischen Altbischof Ulrich Fischer als ideenreichen und tatkr\u00e4ftigen Theologen gew\u00fcrdigt. &#8222;Ich habe Ulrich Fischer immer als einen Menschen mit gro\u00dfer Glaubensfreude erlebt&#8220;, schrieb Bedford-Strohm am Donnerstag in einem Kondolenzbrief an Fischers Nachfolger Jochen Cornelius-Bundschuh. &#8222;Dadurch war der Mensch Fischer ein echter Menschenfischer.&#8220; Fischer war am Mittwochabend im Alter von 71 Jahren an den Folgen einer schweren Krebserkrankung gestorben.<\/p>\n<p>&#8222;Er steckte immer voller Ideen und hatte auch das strategische Geschick, viele davon umzusetzen&#8220;, f\u00fcgte Bedford-Strohm hinzu. Seine Leidenschaft f\u00fcr die Musik, insbesondere die Posaunenmusik, sei absolut ansteckend gewesen. Auch f\u00fcr die \u00f6ffentliche Theologie habe er, etwa im Hinblick auf die Friedensethik, wichtige Anst\u00f6\u00dfe gegeben.<\/p>\n<p>Cornelius-Bundschuh erkl\u00e4rte, sein Vorg\u00e4nger habe mit klarem Blick f\u00fcr die aktuellen Herausforderungen und aus einem tiefen Vertrauen in die Zukunft die badische Landeskirche nachhaltig gepr\u00e4gt. &#8222;Das Gottvertrauen von Ulrich Fischer hat viele Menschen, Gremien und Gemeinden ermutigt und im Glauben gest\u00e4rkt&#8220;, sagte Cornelius-Bundschuh. Fischer sei stets &#8222;schwungvoll, fromm und den Menschen und der Welt zugewandt&#8220; gewesen. Auch als Bischof sei es ihm wichtig gewesen, dass die Kirche Verantwortung f\u00fcr die Welt \u00fcbernehme, auch hinsichtlich Klimaschutz und Frieden.<\/p>\n<\/div>\n","protected":false},"excerpt":{"rendered":"<p>Hannover (epd). Der Ratsvorsitzende der Evangelischen Kirche in Deutschland (EKD), Heinrich Bedford-Strohm, hat den verstorbenen badischen Altbischof Ulrich Fischer als<\/p>\n","protected":false},"author":1,"featured_media":2291,"comment_status":"closed","ping_status":"closed","sticky":false,"template":"","format":"standard","meta":{"footnotes":""},"categories":[20],"tags":[],"_links":{"self":[{"href":"https:\/\/krankenhauspfarramt.de\/index.php\/wp-json\/wp\/v2\/posts\/2290"}],"collection":[{"href":"https:\/\/krankenhauspfarramt.de\/index.php\/wp-json\/wp\/v2\/posts"}],"about":[{"href":"https:\/\/krankenhauspfarramt.de\/index.php\/wp-json\/wp\/v2\/types\/post"}],"author":[{"embeddable":true,"href":"https:\/\/krankenhauspfarramt.de\/index.php\/wp-json\/wp\/v2\/users\/1"}],"replies":[{"embeddable":true,"href":"https:\/\/krankenhauspfarramt.de\/index.php\/wp-json\/wp\/v2\/comments?post=2290"}],"version-history":[{"count":1,"href":"https:\/\/krankenhauspfarramt.de\/index.php\/wp-json\/wp\/v2\/posts\/2290\/revisions"}],"predecessor-version":[{"id":2292,"href":"https:\/\/krankenhauspfarramt.de\/index.php\/wp-json\/wp\/v2\/posts\/2290\/revisions\/2292"}],"wp:featuredmedia":[{"embeddable":true,"href":"https:\/\/krankenhauspfarramt.de\/index.php\/wp-json\/wp\/v2\/media\/2291"}],"wp:attachment":[{"href":"https:\/\/krankenhauspfarramt.de\/index.php\/wp-json\/wp\/v2\/media?parent=2290"}],"wp:term":[{"taxonomy":"category","embeddable":true,"href":"https:\/\/krankenhauspfarramt.de\/index.php\/wp-json\/wp\/v2\/categories?post=2290"},{"taxonomy":"post_tag","embeddable":true,"href":"https:\/\/krankenhauspfarramt.de\/index.php\/wp-json\/wp\/v2\/tags?post=2290"}],"curies":[{"name":"wp","href":"https:\/\/api.w.org\/{rel}","templated":true}]}}