{"id":2293,"date":"2020-10-24T13:38:09","date_gmt":"2020-10-24T13:38:09","guid":{"rendered":"https:\/\/krankenhauspfarramt.de\/index.php\/2020\/10\/24\/digitalisierung-der-teamarbeit-mit-kanban-ekd\/"},"modified":"2020-10-24T13:38:15","modified_gmt":"2020-10-24T13:38:15","slug":"digitalisierung-der-teamarbeit-mit-kanban-ekd","status":"publish","type":"post","link":"https:\/\/krankenhauspfarramt.de\/index.php\/2020\/10\/24\/digitalisierung-der-teamarbeit-mit-kanban-ekd\/","title":{"rendered":"Digitalisierung der Teamarbeit mit Kanban \u2013 EKD"},"content":{"rendered":"<p> <br \/>\n<\/p>\n<div id=\"\">\n<p style=\"margin-bottom:8pt; margin-left:0cm; margin-right:0cm; margin-top:0cm\"><span style=\"line-height:107%\">Die Evangelische Kirchengemeinde Daisbach m\u00f6chte ihre Teamprozesse durch die Nutzung digitaler Kanban-Tools umstrukturieren und abbilden. Hierdurch sollen interaktive Kanban-Boards entstehen, an denen jedes Teammitglied im Anschluss an die Sitzung weiterarbeiten kann. Die Team-Sitzungen werden so digitaler, motivierender und effizienter. Durch eine zeitgem\u00e4\u00dfe Zusammenarbeit sollen so neue Teammitglieder f\u00fcr die gemeindeleitende Arbeit gefunden werden. Gemeinsam sollen alle Altersgruppen geschult und mitgenommen werden, die Methode zu nutzen \u2013 vom Jugendausschuss bis zum Gemeindekirchenrat, von 16-75 Jahre.<\/span><\/p>\n<p style=\"margin-bottom:8pt; margin-left:0cm; margin-right:0cm; margin-top:0cm\"><span style=\"line-height:107%\">Das Projekt wird mit rund 2000 Euro durch den Digitalinnovationsfonds gef\u00f6rdert.<\/span><\/p>\n<\/div>\n","protected":false},"excerpt":{"rendered":"<p>Die Evangelische Kirchengemeinde Daisbach m\u00f6chte ihre Teamprozesse durch die Nutzung digitaler Kanban-Tools umstrukturieren und abbilden. Hierdurch sollen interaktive Kanban-Boards entstehen,<\/p>\n","protected":false},"author":1,"featured_media":2294,"comment_status":"closed","ping_status":"closed","sticky":false,"template":"","format":"standard","meta":{"footnotes":""},"categories":[20],"tags":[],"_links":{"self":[{"href":"https:\/\/krankenhauspfarramt.de\/index.php\/wp-json\/wp\/v2\/posts\/2293"}],"collection":[{"href":"https:\/\/krankenhauspfarramt.de\/index.php\/wp-json\/wp\/v2\/posts"}],"about":[{"href":"https:\/\/krankenhauspfarramt.de\/index.php\/wp-json\/wp\/v2\/types\/post"}],"author":[{"embeddable":true,"href":"https:\/\/krankenhauspfarramt.de\/index.php\/wp-json\/wp\/v2\/users\/1"}],"replies":[{"embeddable":true,"href":"https:\/\/krankenhauspfarramt.de\/index.php\/wp-json\/wp\/v2\/comments?post=2293"}],"version-history":[{"count":1,"href":"https:\/\/krankenhauspfarramt.de\/index.php\/wp-json\/wp\/v2\/posts\/2293\/revisions"}],"predecessor-version":[{"id":2295,"href":"https:\/\/krankenhauspfarramt.de\/index.php\/wp-json\/wp\/v2\/posts\/2293\/revisions\/2295"}],"wp:featuredmedia":[{"embeddable":true,"href":"https:\/\/krankenhauspfarramt.de\/index.php\/wp-json\/wp\/v2\/media\/2294"}],"wp:attachment":[{"href":"https:\/\/krankenhauspfarramt.de\/index.php\/wp-json\/wp\/v2\/media?parent=2293"}],"wp:term":[{"taxonomy":"category","embeddable":true,"href":"https:\/\/krankenhauspfarramt.de\/index.php\/wp-json\/wp\/v2\/categories?post=2293"},{"taxonomy":"post_tag","embeddable":true,"href":"https:\/\/krankenhauspfarramt.de\/index.php\/wp-json\/wp\/v2\/tags?post=2293"}],"curies":[{"name":"wp","href":"https:\/\/api.w.org\/{rel}","templated":true}]}}