{"id":2322,"date":"2020-10-29T13:07:07","date_gmt":"2020-10-29T13:07:07","guid":{"rendered":"https:\/\/krankenhauspfarramt.de\/index.php\/2020\/10\/29\/keine-weitere-amtszeit-als-ratsvorsitzender-ab-november-2021-ekd\/"},"modified":"2020-10-29T13:07:09","modified_gmt":"2020-10-29T13:07:09","slug":"keine-weitere-amtszeit-als-ratsvorsitzender-ab-november-2021-ekd","status":"publish","type":"post","link":"https:\/\/krankenhauspfarramt.de\/index.php\/2020\/10\/29\/keine-weitere-amtszeit-als-ratsvorsitzender-ab-november-2021-ekd\/","title":{"rendered":"Keine weitere Amtszeit als Ratsvorsitzender ab November 2021 \u2013 EKD"},"content":{"rendered":"<p> <br \/>\n<\/p>\n<div>\n<p>Der oberste Repr\u00e4sentant der EKD wird f\u00fcr sechs Jahre gew\u00e4hlt. Bedford-Strohm hatte das Amt 2014 \u00fcbernommen, nachdem sich Nikolaus Schneider vorzeitig zur\u00fcckgezogen hatte. 2015 war Bedford-Strohm als Ratsvorsitzender best\u00e4tigt worden. In seine Amtszeit fiel das 500. Reformationsjubil\u00e4um im Jahr 2017. Inzwischen steht die evangelische Kirche angesichts sinkender Mitgliederzahlen und Steuereinnahmen vor tiefgreifenden Reformen, die auch Thema der diesj\u00e4hrigen Synodentagung sind, die am 8. November beginnt und wegen der Corona-Pandemie digital stattfindet.<\/p>\n<p>Der 15 Mitglieder z\u00e4hlende Rat wird turnusgem\u00e4\u00df im Herbst n\u00e4chsten Jahres neu gew\u00e4hlt. Ein Verbleib an der EKD-Spitze auch nach Ende der Amtszeit als Bischof in Bayern w\u00e4re f\u00fcr Bedford-Strohm m\u00f6glich gewesen.<\/p>\n<p>Die EKD ist die Gemeinschaft der 20 evangelischen Landeskirchen. Ihre Aufgaben liegen vor allem bei Fragen der \u00f6ffentlichen Verantwortung der Kirche und bei den Au\u00dfenbeziehungen. In den vergangenen Jahrzehnten verlagerte sich der Akzent zunehmend auf den Ausbau des einheitlichen Handelns der Landeskirchen.\u00a0\u00a0<\/p>\n<p>Bedford-Strohm hatte sich \u00f6ffentlich in den vergangenen Jahren f\u00fcr eine humanit\u00e4re Fl\u00fcchtlingspolitik und die Seenotrettung im Mittemeer starkgemacht. In dem BR-Interview bestritt er, dass daraus resultierende Anfeindungen seine Entscheidung gegen eine erneute Kandidatur beeinflusst haben. \u201eMan muss wissen, worauf man sich einl\u00e4sst. Ich habe das gewusst und bin darauf eingestellt, dass es auch Kritik gibt. Da habe ich schon meine inneren Ressourcen, um damit umzugehen\u201c, sagte er.<\/p>\n<\/p><\/div>\n","protected":false},"excerpt":{"rendered":"<p>Der oberste Repr\u00e4sentant der EKD wird f\u00fcr sechs Jahre gew\u00e4hlt. Bedford-Strohm hatte das Amt 2014 \u00fcbernommen, nachdem sich Nikolaus Schneider<\/p>\n","protected":false},"author":1,"featured_media":533,"comment_status":"closed","ping_status":"closed","sticky":false,"template":"","format":"standard","meta":{"footnotes":""},"categories":[20],"tags":[],"_links":{"self":[{"href":"https:\/\/krankenhauspfarramt.de\/index.php\/wp-json\/wp\/v2\/posts\/2322"}],"collection":[{"href":"https:\/\/krankenhauspfarramt.de\/index.php\/wp-json\/wp\/v2\/posts"}],"about":[{"href":"https:\/\/krankenhauspfarramt.de\/index.php\/wp-json\/wp\/v2\/types\/post"}],"author":[{"embeddable":true,"href":"https:\/\/krankenhauspfarramt.de\/index.php\/wp-json\/wp\/v2\/users\/1"}],"replies":[{"embeddable":true,"href":"https:\/\/krankenhauspfarramt.de\/index.php\/wp-json\/wp\/v2\/comments?post=2322"}],"version-history":[{"count":1,"href":"https:\/\/krankenhauspfarramt.de\/index.php\/wp-json\/wp\/v2\/posts\/2322\/revisions"}],"predecessor-version":[{"id":2323,"href":"https:\/\/krankenhauspfarramt.de\/index.php\/wp-json\/wp\/v2\/posts\/2322\/revisions\/2323"}],"wp:featuredmedia":[{"embeddable":true,"href":"https:\/\/krankenhauspfarramt.de\/index.php\/wp-json\/wp\/v2\/media\/533"}],"wp:attachment":[{"href":"https:\/\/krankenhauspfarramt.de\/index.php\/wp-json\/wp\/v2\/media?parent=2322"}],"wp:term":[{"taxonomy":"category","embeddable":true,"href":"https:\/\/krankenhauspfarramt.de\/index.php\/wp-json\/wp\/v2\/categories?post=2322"},{"taxonomy":"post_tag","embeddable":true,"href":"https:\/\/krankenhauspfarramt.de\/index.php\/wp-json\/wp\/v2\/tags?post=2322"}],"curies":[{"name":"wp","href":"https:\/\/api.w.org\/{rel}","templated":true}]}}