{"id":2350,"date":"2020-11-02T08:13:27","date_gmt":"2020-11-02T08:13:27","guid":{"rendered":"https:\/\/krankenhauspfarramt.de\/index.php\/2020\/11\/02\/24-10-2020-gerd-haeussler-zum-neuen-dekan-von-heidenheim-gewaehlt\/"},"modified":"2020-11-02T08:13:27","modified_gmt":"2020-11-02T08:13:27","slug":"24-10-2020-gerd-haeussler-zum-neuen-dekan-von-heidenheim-gewaehlt","status":"publish","type":"post","link":"https:\/\/krankenhauspfarramt.de\/index.php\/2020\/11\/02\/24-10-2020-gerd-haeussler-zum-neuen-dekan-von-heidenheim-gewaehlt\/","title":{"rendered":"24.10.2020 Gerd H\u00e4u\u00dfler zum neuen Dekan von Heidenheim gew\u00e4hlt"},"content":{"rendered":"<p><img decoding=\"async\" src=\"https:\/\/www.elk-wue.de\/\" \/><\/p>\n<div id=\"c24763\">\n<header>\n<h3 class=\"b_is-headline\">Gerd H\u00e4u\u00dfler zum neuen Dekan von Heidenheim gew\u00e4hlt<\/h3>\n<h4>Der 60-j\u00e4hrige tritt im Fr\u00fchjahr die Nachfolge von Dr. Karl-Heinz Schlaudraff an<\/h4>\n<\/header>\n<p>Der Stuttgarter Pfarrer Gerd H\u00e4u\u00dfler (60) ist zum neuen Dekan des Kirchenbezirks Heidenheim gew\u00e4hlt worden. Er folgt voraussichtlich im Fr\u00fchjahr 2021 auf Dr. Karl-Heinz Schlaudraff, der 2020 nach 16 Jahren als Dekan in den Ruhestand gegangen ist.<\/p>\n<p>Auf seinem beruflichen Weg hat H\u00e4u\u00dfler die Breite der w\u00fcrttembergischen Kirchenlandschaft kennengelernt. Er betont: \u201eIch sch\u00e4tze diese Vielfalt, vom landeskirchlichen Pietismus bis zum bunten Stadtquartier in einem multikulturellen und multireligi\u00f6sen Umfeld.\u201c Eine gute und intensive \u00f6kumenische Zusammenarbeit sei ihm dabei besonders wichtig.<\/p>\n<p>H\u00e4u\u00dfler legt gro\u00dfen Wert darauf, dass \u201edie Verschiedenheit der Gemeindeformen und der Glaubensvermittlung von gegenseitiger Achtung getragen ist\u201c. Er m\u00f6chte das Pfarramt und die Kernbereiche pastoraler Praxis st\u00e4rken, gegen die Verzagtheit in der Kirche wirken und f\u00fcr das Evangelium von Jesus Christus \u201eim w\u00f6rtlichen Sinn als gute Nachricht und frohe Botschaft\u201c eintreten.<\/p>\n<p>Mit der Wahl kehrt H\u00e4u\u00dfler in seine Heimat zur\u00fcck. Geboren und aufgewachsen in Sontheim an der Brenz, ist er dort nach der Konfirmation in das Leben der Kirchengemeinde hineingewachsen. Nach dem Theologiestudium in T\u00fcbingen und Rom, dem Vikariat in Sindelfingen und Stationen in Marbach am Neckar, Mutlangen, Gerlingen und Hattenhofen bei G\u00f6ppingen f\u00fchrte ihn sein Weg schlie\u00dflich an die Lukas-Kirche im Stuttgarter Osten. Sowohl in G\u00f6ppingen als auch in Stuttgart hatte Gerd H\u00e4u\u00dfler die Position des stellvertretenden Dekans inne.<\/p>\n<p>Gerd H\u00e4u\u00dfler ist verheiratet und hat drei erwachsene Kinder. In seiner Freizeit macht er Bandmusik\u00a0und f\u00e4hrt Motorrad, er wandert gern und sch\u00e4tzt gutes Essen \u2013 auch und vor allem in der zweiten Heimat seiner Familie, den Waldensert\u00e4lern im italienischen Piemont.<\/p>\n<p>Oliver Hoesch\u00a0\u00a0\u00a0\u00a0\u00a0\u00a0\u00a0\u00a0\u00a0\u00a0\u00a0\u00a0\u00a0\u00a0\u00a0\u00a0\u00a0\u00a0\u00a0\u00a0\u00a0\u00a0\u00a0\u00a0\u00a0\u00a0\u00a0\u00a0\u00a0\u00a0\u00a0\u00a0\u00a0\u00a0\u00a0\u00a0\u00a0\u00a0\u00a0\u00a0\u00a0\u00a0\u00a0\u00a0\u00a0\u00a0\u00a0\u00a0\u00a0<\/p>\n<p>Sprecher der Landeskirche<\/p>\n<\/div>\n","protected":false},"excerpt":{"rendered":"<p>Gerd H\u00e4u\u00dfler zum neuen Dekan von Heidenheim gew\u00e4hlt Der 60-j\u00e4hrige tritt im Fr\u00fchjahr die Nachfolge von Dr. Karl-Heinz Schlaudraff an<\/p>\n","protected":false},"author":1,"featured_media":0,"comment_status":"closed","ping_status":"closed","sticky":false,"template":"","format":"standard","meta":{"footnotes":""},"categories":[21],"tags":[],"_links":{"self":[{"href":"https:\/\/krankenhauspfarramt.de\/index.php\/wp-json\/wp\/v2\/posts\/2350"}],"collection":[{"href":"https:\/\/krankenhauspfarramt.de\/index.php\/wp-json\/wp\/v2\/posts"}],"about":[{"href":"https:\/\/krankenhauspfarramt.de\/index.php\/wp-json\/wp\/v2\/types\/post"}],"author":[{"embeddable":true,"href":"https:\/\/krankenhauspfarramt.de\/index.php\/wp-json\/wp\/v2\/users\/1"}],"replies":[{"embeddable":true,"href":"https:\/\/krankenhauspfarramt.de\/index.php\/wp-json\/wp\/v2\/comments?post=2350"}],"version-history":[{"count":0,"href":"https:\/\/krankenhauspfarramt.de\/index.php\/wp-json\/wp\/v2\/posts\/2350\/revisions"}],"wp:attachment":[{"href":"https:\/\/krankenhauspfarramt.de\/index.php\/wp-json\/wp\/v2\/media?parent=2350"}],"wp:term":[{"taxonomy":"category","embeddable":true,"href":"https:\/\/krankenhauspfarramt.de\/index.php\/wp-json\/wp\/v2\/categories?post=2350"},{"taxonomy":"post_tag","embeddable":true,"href":"https:\/\/krankenhauspfarramt.de\/index.php\/wp-json\/wp\/v2\/tags?post=2350"}],"curies":[{"name":"wp","href":"https:\/\/api.w.org\/{rel}","templated":true}]}}