{"id":2351,"date":"2020-11-03T13:42:07","date_gmt":"2020-11-03T13:42:07","guid":{"rendered":"https:\/\/krankenhauspfarramt.de\/index.php\/2020\/11\/03\/ekd-kulturbeauftragter-verteidigt-offene-kirchen-ekd\/"},"modified":"2020-11-03T13:42:09","modified_gmt":"2020-11-03T13:42:09","slug":"ekd-kulturbeauftragter-verteidigt-offene-kirchen-ekd","status":"publish","type":"post","link":"https:\/\/krankenhauspfarramt.de\/index.php\/2020\/11\/03\/ekd-kulturbeauftragter-verteidigt-offene-kirchen-ekd\/","title":{"rendered":"EKD-Kulturbeauftragter verteidigt offene Kirchen \u2013 EKD"},"content":{"rendered":"<p> <br \/>\n<\/p>\n<div>\n<p>Das Recht, seine Religion frei und unter Einhaltung aller Hygieneregeln auszu\u00fcben, sei ein Indikator f\u00fcr die Humanit\u00e4t einer Gesellschaft, betonte der Theologe: &#8222;Dazu geh\u00f6rt \u00fcbrigens nicht nur der Gottesdienst im engeren Sinn, sondern genauso die Seelsorge, also der Zugang von Seelsorgerinnen und Seelsorgern zu Altenheimen, Krankenh\u00e4usern oder Behinderteneinrichtungen.&#8220;<\/p>\n<p>Gottesdienst und Seelsorge st\u00e4rkten die Abwehrkr\u00e4fte, so Claussen weiter: &#8222;Im Jargon von Hygienetechnokraten mag dies als &#8217;nicht systemrelevant&#8216; gelten, f\u00fcr mich und viele Menschen innerhalb und au\u00dferhalb der Kirche ist es lebensnotwendig.&#8220; Claussen reagierte damit auf Vorw\u00fcrfe, die Kirchen w\u00fcrden trotz versch\u00e4rfter Einschr\u00e4nkungen des \u00f6ffentlichen Lebens nicht auf ihre Gottesdienste verzichten.<\/p>\n<\/p><\/div>\n","protected":false},"excerpt":{"rendered":"<p>Das Recht, seine Religion frei und unter Einhaltung aller Hygieneregeln auszu\u00fcben, sei ein Indikator f\u00fcr die Humanit\u00e4t einer Gesellschaft, betonte<\/p>\n","protected":false},"author":1,"featured_media":2352,"comment_status":"closed","ping_status":"closed","sticky":false,"template":"","format":"standard","meta":{"footnotes":""},"categories":[20],"tags":[],"_links":{"self":[{"href":"https:\/\/krankenhauspfarramt.de\/index.php\/wp-json\/wp\/v2\/posts\/2351"}],"collection":[{"href":"https:\/\/krankenhauspfarramt.de\/index.php\/wp-json\/wp\/v2\/posts"}],"about":[{"href":"https:\/\/krankenhauspfarramt.de\/index.php\/wp-json\/wp\/v2\/types\/post"}],"author":[{"embeddable":true,"href":"https:\/\/krankenhauspfarramt.de\/index.php\/wp-json\/wp\/v2\/users\/1"}],"replies":[{"embeddable":true,"href":"https:\/\/krankenhauspfarramt.de\/index.php\/wp-json\/wp\/v2\/comments?post=2351"}],"version-history":[{"count":1,"href":"https:\/\/krankenhauspfarramt.de\/index.php\/wp-json\/wp\/v2\/posts\/2351\/revisions"}],"predecessor-version":[{"id":2353,"href":"https:\/\/krankenhauspfarramt.de\/index.php\/wp-json\/wp\/v2\/posts\/2351\/revisions\/2353"}],"wp:featuredmedia":[{"embeddable":true,"href":"https:\/\/krankenhauspfarramt.de\/index.php\/wp-json\/wp\/v2\/media\/2352"}],"wp:attachment":[{"href":"https:\/\/krankenhauspfarramt.de\/index.php\/wp-json\/wp\/v2\/media?parent=2351"}],"wp:term":[{"taxonomy":"category","embeddable":true,"href":"https:\/\/krankenhauspfarramt.de\/index.php\/wp-json\/wp\/v2\/categories?post=2351"},{"taxonomy":"post_tag","embeddable":true,"href":"https:\/\/krankenhauspfarramt.de\/index.php\/wp-json\/wp\/v2\/tags?post=2351"}],"curies":[{"name":"wp","href":"https:\/\/api.w.org\/{rel}","templated":true}]}}