{"id":2354,"date":"2020-11-03T17:56:28","date_gmt":"2020-11-03T17:56:28","guid":{"rendered":"https:\/\/krankenhauspfarramt.de\/index.php\/2020\/11\/03\/publikation-momente-der-oekumene-2020-erschienen-ekd\/"},"modified":"2020-11-03T17:56:29","modified_gmt":"2020-11-03T17:56:29","slug":"publikation-momente-der-oekumene-2020-erschienen-ekd","status":"publish","type":"post","link":"https:\/\/krankenhauspfarramt.de\/index.php\/2020\/11\/03\/publikation-momente-der-oekumene-2020-erschienen-ekd\/","title":{"rendered":"Publikation &#8222;Momente der \u00d6kumene 2020&#8220; erschienen \u2013 EKD"},"content":{"rendered":"<p> <br \/>\n<\/p>\n<div id=\"\">\n<p class=\"EKDFlietext\" style=\"margin-bottom:0.0001pt; margin-left:0cm; margin-right:0cm; margin-top:0cm\">Im Zeichen der Corona-Pandemie stehen viele Beitr\u00e4ge in der neuen Publikation aus der Reihe \u201eMomente der \u00d6kumene\u201c, die j\u00e4hrlich von der Evangelischen Kirche in Deutschland (EKD) herausgegeben wird. \u201eLieber an Corona sterben als vor Hunger\u201c ist ein ersch\u00fctternder Satz aus dem Libanon, in dem sich die ganze Dramatik der aktuellen Situation widerspiegelt. Weitere Blitzlichter aus der vielf\u00e4ltigen T\u00e4tigkeit der EKD im Bereich der \u00d6kumene- und Auslandsarbeit werden in dem Heft vorgestellt. Hierzu z\u00e4hlen: Reaktionen aus Karlsruhe auf die Verschiebung der Vollversammlung des \u00d6kumenischen Rates der Kirchen, Eindr\u00fccke von der Summer School on Human Rights zur Herausforderung von Covid-19 f\u00fcr die Menschenrechte, der erste Einsatz der Sea-Watch 4 im Mittelmeer, bei dem 353 Menschenleben gerettet werden konnten.<\/p>\n<p class=\"EKDFlietext\" style=\"margin-bottom:0.0001pt; margin-left:0cm; margin-right:0cm; margin-top:0cm\">\u00a0<\/p>\n<p class=\"EKDFlietext\" style=\"margin-bottom:0.0001pt; margin-left:0cm; margin-right:0cm; margin-top:0cm\">Die kurzen Artikel des Heftes werfen Schlaglichter auf die unterschiedlichen Situationen weltweit. So beenden beispielsweise im \u00d6kumenischen Institut in Bossey sechs Studierende ihren einj\u00e4hrigen Masterstudiengang und in Daressalam n\u00e4hen Teenage Mothers Mundschutzmasken. Kirchliches Leben l\u00e4uft vielerorts im online-Modus &#8211; zwischen Videokontakten und praktischer N\u00e4chsten-Hilfe, ob in Beirut oder Bogota, Tiflis oder Singapur. Mal erfinden sich Gemeinden digital neu, wie in Lissabon, Denia oder Kopenhagen, mal r\u00fccken Gemeinden im Lockdown n\u00e4her zusammen wie in Edinburgh.<\/p>\n<p class=\"EKDFlietext\" style=\"margin-bottom:0.0001pt; margin-left:0cm; margin-right:0cm; margin-top:0cm\">\u00a0<\/p>\n<p class=\"EKDFlietext\" style=\"margin-bottom:0.0001pt; margin-left:0cm; margin-right:0cm; margin-top:0cm\">Dem Heft vorangestellt ist ein Vorwort von Bisch\u00f6fin Petra Bosse-Huber, Leiterin der Hauptabteilung \u00d6kumene- und Auslandsarbeit. Es schlie\u00dft mit einem \u00dcberblick \u00fcber die \u00f6kumenischen Bez\u00fcge der EKD, die mit ihr verbundenen Gemeinden im Ausland, die Pfarrerinnen und Pfarrer sowie Vikarinnen und Vikare aus dem Bereich der EKD, die in ihnen Dienst tun.<\/p>\n<p style=\"margin-bottom:0.0001pt; margin-left:0cm; margin-right:0cm; margin-top:0cm\">\u00a0<\/p>\n<p style=\"margin-bottom:0.0001pt; margin-left:0cm; margin-right:0cm; margin-top:0cm\">Das Heft steht als Download unter https:\/\/www.ekd.de\/ekd_de\/ds_doc\/momente_oekumene_2020.pdf<\/p>\n<p class=\"Default\" style=\"margin-bottom:0.0001pt; margin-left:0cm; margin-right:0cm; margin-top:0cm\">\u00a0<\/p>\n<p class=\"EKDFlietext\" style=\"margin-bottom:0.0001pt; margin-left:0cm; margin-right:0cm; margin-top:0cm\"><em>Einzelhefte k\u00f6nnen unter <\/em><em>info@ekd.de<\/em><em> bestellt werden. <\/em><\/p>\n<p style=\"margin-bottom:0.0001pt; margin-left:0cm; margin-right:0cm; margin-top:0cm\">\u00a0<\/p>\n<p class=\"EKDFlietext\" style=\"margin-bottom:0.0001pt; margin-left:0cm; margin-right:0cm; margin-top:0cm\">Hannover, 3. November 2020<\/p>\n<p class=\"EKDFlietext\" style=\"margin-bottom:0.0001pt; margin-left:0cm; margin-right:0cm; margin-top:0cm\">\u00a0<\/p>\n<p class=\"EKDFlietext\" style=\"margin-bottom:0.0001pt; margin-left:0cm; margin-right:0cm; margin-top:0cm\">Pressestelle der EKD<\/p>\n<\/div>\n","protected":false},"excerpt":{"rendered":"<p>Im Zeichen der Corona-Pandemie stehen viele Beitr\u00e4ge in der neuen Publikation aus der Reihe \u201eMomente der \u00d6kumene\u201c, die j\u00e4hrlich von<\/p>\n","protected":false},"author":1,"featured_media":677,"comment_status":"closed","ping_status":"closed","sticky":false,"template":"","format":"standard","meta":{"footnotes":""},"categories":[20],"tags":[],"_links":{"self":[{"href":"https:\/\/krankenhauspfarramt.de\/index.php\/wp-json\/wp\/v2\/posts\/2354"}],"collection":[{"href":"https:\/\/krankenhauspfarramt.de\/index.php\/wp-json\/wp\/v2\/posts"}],"about":[{"href":"https:\/\/krankenhauspfarramt.de\/index.php\/wp-json\/wp\/v2\/types\/post"}],"author":[{"embeddable":true,"href":"https:\/\/krankenhauspfarramt.de\/index.php\/wp-json\/wp\/v2\/users\/1"}],"replies":[{"embeddable":true,"href":"https:\/\/krankenhauspfarramt.de\/index.php\/wp-json\/wp\/v2\/comments?post=2354"}],"version-history":[{"count":1,"href":"https:\/\/krankenhauspfarramt.de\/index.php\/wp-json\/wp\/v2\/posts\/2354\/revisions"}],"predecessor-version":[{"id":2355,"href":"https:\/\/krankenhauspfarramt.de\/index.php\/wp-json\/wp\/v2\/posts\/2354\/revisions\/2355"}],"wp:featuredmedia":[{"embeddable":true,"href":"https:\/\/krankenhauspfarramt.de\/index.php\/wp-json\/wp\/v2\/media\/677"}],"wp:attachment":[{"href":"https:\/\/krankenhauspfarramt.de\/index.php\/wp-json\/wp\/v2\/media?parent=2354"}],"wp:term":[{"taxonomy":"category","embeddable":true,"href":"https:\/\/krankenhauspfarramt.de\/index.php\/wp-json\/wp\/v2\/categories?post=2354"},{"taxonomy":"post_tag","embeddable":true,"href":"https:\/\/krankenhauspfarramt.de\/index.php\/wp-json\/wp\/v2\/tags?post=2354"}],"curies":[{"name":"wp","href":"https:\/\/api.w.org\/{rel}","templated":true}]}}