{"id":2356,"date":"2020-11-03T22:07:54","date_gmt":"2020-11-03T22:07:54","guid":{"rendered":"https:\/\/krankenhauspfarramt.de\/index.php\/2020\/11\/03\/sieben-kirchliche-projekte-erhalten-innovationspreis-teamgeist-ekd\/"},"modified":"2020-11-03T22:07:55","modified_gmt":"2020-11-03T22:07:55","slug":"sieben-kirchliche-projekte-erhalten-innovationspreis-teamgeist-ekd","status":"publish","type":"post","link":"https:\/\/krankenhauspfarramt.de\/index.php\/2020\/11\/03\/sieben-kirchliche-projekte-erhalten-innovationspreis-teamgeist-ekd\/","title":{"rendered":"Sieben kirchliche Projekte erhalten Innovationspreis \u201eTeamgeist\u201c \u2013 EKD"},"content":{"rendered":"<p> <br \/>\n<\/p>\n<div>\n<p>Ebenfalls 100.000 Euro vergab die Landeskirche demnach an das christliche Begegnungszentrum &#8222;SimeonsHerberge&#8220; in Minden und das Projekt &#8222;checkpoint Schule&#8220;, das Kinder aus einem sozial benachteiligten Stadtteil in Iserlohn f\u00f6rdert. Ausgezeichnet wurden auch die Lippst\u00e4dter Initiative &#8222;Vorne anfangen und Kontakte kn\u00fcpfen&#8220;, das Projekt &#8222;M\u00fcnster City &#8211; Junge Kirche in der Stadt&#8220; und das Inklusions-Vorhaben &#8222;Der Himmel ist barrierefrei&#8220; aus Herne.<\/p>\n<p>Mit dem von 2020 bis 2025 laufenden und mit insgesamt drei Millionen Euro ausgestatteten Innovationsfonds \u201eTeamgeist\u201c will die Landeskirche \u201eStart-ups f\u00fcr die Kirche von morgen\u201c\u00a0f\u00f6rdern, wie es hie\u00df. Die Projekte sollen neue Formen des christlichen Glaubens entwickeln, besondere Zielgruppen ansprechen, Kirche im Stadtteil sichtbar machen und Menschen \u00fcber Konfessionsgrenzen hinweg verbinden.<\/p>\n<p>F\u00fcr die erste Ausschreibung des F\u00f6rderpreises waren im Fr\u00fchjahr 32 Projektideen eingereicht worden, 19 Vorhaben hatten sich dann tats\u00e4chlich beworben. Die Preisverleihung fand coronabedingt nicht wie geplant in der Dortmunder St. Reinoldi-Kirche statt, sondern als zweist\u00fcndige Online-Veranstaltung. Der Fonds \u201eTeamgeist\u201c\u00a0unterst\u00fctzt laut der Mitteilung kleine Projekte mit bis zu 20.000 Euro sowie mittlere und gro\u00dfe Vorhaben bis maximal 200.000 Euro, die sich \u00fcber mehrere Jahre verteilen.<\/p>\n<p>Neben finanzieller Unterst\u00fctzung gibt es laut der Mitteilung f\u00fcr alle Bewerber auch praktisches Know-how: Sie werden von der Idee bis zur Umsetzung von \u201eTeamgeist\u201c-Gesch\u00e4ftsf\u00fchrer Andres Michael Kuhn und seinem Team begleitet. Weitere Preisverleihung finden im Halbjahres-Rhythmus statt, die n\u00e4chste ist f\u00fcr Ende April 2021 geplant.<br \/>\u00a0<\/p>\n<hr\/>\n<p>Bewerbungen f\u00fcr die n\u00e4chste Preisvergabe Ende April sind bereits m\u00f6glich. N\u00e4here Informationen unter www.teamgeist.jetzt\u00a0#bewerben.<\/p>\n<\/p><\/div>\n","protected":false},"excerpt":{"rendered":"<p>Ebenfalls 100.000 Euro vergab die Landeskirche demnach an das christliche Begegnungszentrum &#8222;SimeonsHerberge&#8220; in Minden und das Projekt &#8222;checkpoint Schule&#8220;, das<\/p>\n","protected":false},"author":1,"featured_media":2357,"comment_status":"closed","ping_status":"closed","sticky":false,"template":"","format":"standard","meta":{"footnotes":""},"categories":[20],"tags":[],"_links":{"self":[{"href":"https:\/\/krankenhauspfarramt.de\/index.php\/wp-json\/wp\/v2\/posts\/2356"}],"collection":[{"href":"https:\/\/krankenhauspfarramt.de\/index.php\/wp-json\/wp\/v2\/posts"}],"about":[{"href":"https:\/\/krankenhauspfarramt.de\/index.php\/wp-json\/wp\/v2\/types\/post"}],"author":[{"embeddable":true,"href":"https:\/\/krankenhauspfarramt.de\/index.php\/wp-json\/wp\/v2\/users\/1"}],"replies":[{"embeddable":true,"href":"https:\/\/krankenhauspfarramt.de\/index.php\/wp-json\/wp\/v2\/comments?post=2356"}],"version-history":[{"count":1,"href":"https:\/\/krankenhauspfarramt.de\/index.php\/wp-json\/wp\/v2\/posts\/2356\/revisions"}],"predecessor-version":[{"id":2358,"href":"https:\/\/krankenhauspfarramt.de\/index.php\/wp-json\/wp\/v2\/posts\/2356\/revisions\/2358"}],"wp:featuredmedia":[{"embeddable":true,"href":"https:\/\/krankenhauspfarramt.de\/index.php\/wp-json\/wp\/v2\/media\/2357"}],"wp:attachment":[{"href":"https:\/\/krankenhauspfarramt.de\/index.php\/wp-json\/wp\/v2\/media?parent=2356"}],"wp:term":[{"taxonomy":"category","embeddable":true,"href":"https:\/\/krankenhauspfarramt.de\/index.php\/wp-json\/wp\/v2\/categories?post=2356"},{"taxonomy":"post_tag","embeddable":true,"href":"https:\/\/krankenhauspfarramt.de\/index.php\/wp-json\/wp\/v2\/tags?post=2356"}],"curies":[{"name":"wp","href":"https:\/\/api.w.org\/{rel}","templated":true}]}}