{"id":2362,"date":"2020-11-04T06:12:29","date_gmt":"2020-11-04T06:12:29","guid":{"rendered":"https:\/\/krankenhauspfarramt.de\/index.php\/2020\/11\/04\/kirchen-mahnen-am-reformationstag-zu-respekt-in-corona-krise-ekd\/"},"modified":"2020-11-04T06:12:30","modified_gmt":"2020-11-04T06:12:30","slug":"kirchen-mahnen-am-reformationstag-zu-respekt-in-corona-krise-ekd","status":"publish","type":"post","link":"https:\/\/krankenhauspfarramt.de\/index.php\/2020\/11\/04\/kirchen-mahnen-am-reformationstag-zu-respekt-in-corona-krise-ekd\/","title":{"rendered":"Kirchen mahnen am Reformationstag zu Respekt in Corona-Krise \u2013 EKD"},"content":{"rendered":"<p> <br \/>\n<\/p>\n<div>\n<p>&#8222;Im Kampf jeder gegen jeden gibt es nur Verlierer&#8220;, sagte der braunschweigische Landesbischof Christoph Meyns in einem Radiogottesdienst, der von WDR 5 \u00fcbertragen wurde. Viele Regeln schr\u00e4nkten die \u00e4u\u00dfere Freiheit aktuell ein. &#8222;Angesichts der Corona-Pandemie geht es aus F\u00fcrsorge nicht anders.&#8220; Es komme darauf an, die selbst erfahrene Liebe an andere weiterzugeben, mit Demut und in R\u00fccksichtnahme auf die Schw\u00e4chsten. Der pf\u00e4lzische Kirchenpr\u00e4sident Christian Schad sagte in einer Predigt im saarl\u00e4ndischen Homburg, aus dem Innersten der christlichen Botschaft erwachse die Verpflichtung zu gesamtgesellschaftlicher Verantwortung.<\/p>\n<p>Auch der Pr\u00e4ses der Evangelischen Kirche im Rheinland, Manfred Rekowski, sprach den Kirchenmitgliedern Mut zu. &#8222;Eine Kirche, die im Gekreuzigten und Auferstandenen wurzelt, sieht ihre Kernaufgabe darin, Menschen mit dieser bedingungslosen Liebe Gottes vertraut zu machen&#8220;, erkl\u00e4rte Rekowski im saarl\u00e4ndischen Neunkirchen. Sie bleibe auch bei den Niederlagen bei den Menschen und stehe den Ohnm\u00e4chtigen nahe. Dieses Handeln k\u00f6nne dabei helfen, die Angst vor der kirchlichen Zukunft, vor einem Schwachwerden, einem Verlust des Einflusses oder der finanziellen M\u00f6glichkeiten zu nehmen.<\/p>\n<p>Die bundesweiten Gottesdienste standen auch unter dem Eindruck der j\u00fcngsten mutma\u00dflich islamistischen Terroranschl\u00e4ge in Frankreich. Weltweit litten vor allem Christen unter Einschr\u00e4nkungen der Religionsfreiheit, sagte der EKD-Ratsvorsitzende Heinrich Bedford-Strohm in der Bad Windsheimer Stadtkirche. Selbst in L\u00e4ndern mit garantierter Religionsfreiheit versuchten terroristische Gewaltt\u00e4ter, Angst und Schrecken zu verbreiten.<\/p>\n<p>&#8222;Alle, die wegen ihres Glaubens verfolgt werden, verdienen unsere Unterst\u00fctzung, egal welcher Religion sie angeh\u00f6ren&#8220;, mahnte der bayerische Landesbischof. Christus zu bekennen bedeute im Umgang mit anderen Religionen, Achtung und Respekt zu zeigen und in Dialogen den Geist der Liebe auszustrahlen. Der Berliner Bischof Christian St\u00e4blein betonte in seiner Predigt ebenfalls den Wert der Meinungs- und Glaubensfreiheit. Fanatismus und Gewalt zerst\u00f6rten die Freiheit, sagte er mit Blick auf den Anschlag in Nizza mit drei Toten.<\/p>\n<p>Die Gottesdienste wurden unter strengen Hygieneregeln gefeiert und meistens im Internet \u00fcbertragen. Oft waren nur wenige, manchmal gar keine Besucher zugelassen. Der Reformationstag am 31. Oktober erinnert an die Gr\u00fcndung der evangelischen Kirchen vor 500 Jahren. Ihren Ausgang nahm die Reformation durch Martin Luther (1483-1546). Der damalige Augustinerm\u00f6nch hatte um den 31. Oktober 1517 von Wittenberg aus 95 Thesen zu kirchlichen Missst\u00e4nden verbreitet. Dies gab den Ansto\u00df zu einer kirchlichen Erneuerungsbewegung.<\/p>\n<\/p><\/div>\n","protected":false},"excerpt":{"rendered":"<p>&#8222;Im Kampf jeder gegen jeden gibt es nur Verlierer&#8220;, sagte der braunschweigische Landesbischof Christoph Meyns in einem Radiogottesdienst, der von<\/p>\n","protected":false},"author":1,"featured_media":2363,"comment_status":"closed","ping_status":"closed","sticky":false,"template":"","format":"standard","meta":{"footnotes":""},"categories":[20],"tags":[],"_links":{"self":[{"href":"https:\/\/krankenhauspfarramt.de\/index.php\/wp-json\/wp\/v2\/posts\/2362"}],"collection":[{"href":"https:\/\/krankenhauspfarramt.de\/index.php\/wp-json\/wp\/v2\/posts"}],"about":[{"href":"https:\/\/krankenhauspfarramt.de\/index.php\/wp-json\/wp\/v2\/types\/post"}],"author":[{"embeddable":true,"href":"https:\/\/krankenhauspfarramt.de\/index.php\/wp-json\/wp\/v2\/users\/1"}],"replies":[{"embeddable":true,"href":"https:\/\/krankenhauspfarramt.de\/index.php\/wp-json\/wp\/v2\/comments?post=2362"}],"version-history":[{"count":1,"href":"https:\/\/krankenhauspfarramt.de\/index.php\/wp-json\/wp\/v2\/posts\/2362\/revisions"}],"predecessor-version":[{"id":2364,"href":"https:\/\/krankenhauspfarramt.de\/index.php\/wp-json\/wp\/v2\/posts\/2362\/revisions\/2364"}],"wp:featuredmedia":[{"embeddable":true,"href":"https:\/\/krankenhauspfarramt.de\/index.php\/wp-json\/wp\/v2\/media\/2363"}],"wp:attachment":[{"href":"https:\/\/krankenhauspfarramt.de\/index.php\/wp-json\/wp\/v2\/media?parent=2362"}],"wp:term":[{"taxonomy":"category","embeddable":true,"href":"https:\/\/krankenhauspfarramt.de\/index.php\/wp-json\/wp\/v2\/categories?post=2362"},{"taxonomy":"post_tag","embeddable":true,"href":"https:\/\/krankenhauspfarramt.de\/index.php\/wp-json\/wp\/v2\/tags?post=2362"}],"curies":[{"name":"wp","href":"https:\/\/api.w.org\/{rel}","templated":true}]}}