{"id":2371,"date":"2020-11-05T22:49:17","date_gmt":"2020-11-05T22:49:17","guid":{"rendered":"https:\/\/krankenhauspfarramt.de\/index.php\/2020\/11\/05\/die-online-karte-midi-atlas-zeigt-innovative-formen-von-kirche-im-raum-der-ekd-ekd\/"},"modified":"2020-11-05T22:49:18","modified_gmt":"2020-11-05T22:49:18","slug":"die-online-karte-midi-atlas-zeigt-innovative-formen-von-kirche-im-raum-der-ekd-ekd","status":"publish","type":"post","link":"https:\/\/krankenhauspfarramt.de\/index.php\/2020\/11\/05\/die-online-karte-midi-atlas-zeigt-innovative-formen-von-kirche-im-raum-der-ekd-ekd\/","title":{"rendered":"Die Online-Karte \u201emidi-Atlas\u201c zeigt innovative Formen von Kirche im Raum der EKD \u2013 EKD"},"content":{"rendered":"<p> <br \/>\n<\/p>\n<div id=\"\">\n<p style=\"margin-bottom:0.0001pt; margin-left:0cm; margin-right:0cm; margin-top:0cm\">Die Evangelische Arbeitsstelle f\u00fcr missionarische Kirchenentwicklung und diakonische Profilbildung (midi) stellt anl\u00e4sslich der digitalen Tagung der EKD-Synode am 8. und 9. November 2020 ihren neuesten Beitrag zur zuk\u00fcnftigen Gestalt der Kirche vor \u2013 den \u201emidi-Atlas\u201c: www.mi-di.de\/atlas.<\/p>\n<p style=\"margin-bottom:0.0001pt; margin-left:0cm; margin-right:0cm; margin-top:0cm\">\u00a0<\/p>\n<p style=\"margin-bottom:0.0001pt; margin-left:0cm; margin-right:0cm; margin-top:0cm\">Die Online-Karte zeigt, wo innovative Formen wie Jugendkirchen, Quartiersprojekte und Erprobungsr\u00e4ume bereits jetzt die Gestalt der Kirche pr\u00e4gen. Dar\u00fcber hinaus bietet der \u201emidi-Atlas\u201c weiterf\u00fchrende Informationen und Vernetzungsm\u00f6glichkeiten zu neuen Gemeindeformen im Raum der EKD.<\/p>\n<p style=\"margin-bottom:0.0001pt; margin-left:0cm; margin-right:0cm; margin-top:0cm\">\u00a0<\/p>\n<p style=\"margin-bottom:0.0001pt; margin-left:0cm; margin-right:0cm; margin-top:0cm\">Um dieses neue Online-Angebot kontinuierlich weiterzuentwickeln und zu aktualisieren, sind Initiativen, Vereine und Gemeinden ab heute dazu eingeladen, sich im \u201emidi-Atlas\u201c einzutragen und so die Vielfalt der evangelischen Kirche sichtbar zu machen.<\/p>\n<p style=\"margin-bottom:0.0001pt; margin-left:0cm; margin-right:0cm; margin-top:0cm\">\u00a0<\/p>\n<p style=\"margin-bottom:0.0001pt; margin-left:0cm; margin-right:0cm; margin-top:0cm\">Bereits 2019 hat midi im Auftrag der EKD untersucht, wo es in den evangelischen Landeskirchen neue, innovative Gemeinde- und Sozialformen gibt. Als Ergebnis hat die Arbeitsstelle der EKD-Synode im letzten Jahr die Brosch\u00fcre \u201eAtlas neue Gemeindeformen\u201c vorgelegt (www.mi-di.de\/materialien\/atlas-neue-gemeindeformen).<\/p>\n<p style=\"margin-bottom:0.0001pt; margin-left:0cm; margin-right:0cm; margin-top:0cm\">\u00a0<\/p>\n<p style=\"margin-bottom:0.0001pt; margin-left:0cm; margin-right:0cm; margin-top:0cm\">Mit dem \u201emidi-Atlas\u201c stellt midi nun eine Webseite bereit, in die sich neue Gemeindeformen und innovative christliche Sozialformen fortlaufend eintragen k\u00f6nnen. Dadurch entsteht erstmals an einer Internetadresse ein umfassender \u00dcberblick \u00fcber verschiedene neue Formen von Kirche.<\/p>\n<p style=\"margin-bottom:0.0001pt; margin-left:0cm; margin-right:0cm; margin-top:0cm\">\u00a0<\/p>\n<p style=\"margin-bottom:0.0001pt; margin-left:0cm; margin-right:0cm; margin-top:0cm\">midi arbeitet an gemeinsamen Zukunftsthemen von Evangelischer Kirche in Deutschland (EKD), Diakonie Deutschland und der Arbeitsgemeinschaft Missionarische Dienste (AMD).<\/p>\n<p style=\"margin-bottom:0.0001pt; margin-left:0cm; margin-right:0cm; margin-top:0cm\">\u00a0<\/p>\n<p style=\"margin-bottom:0.0001pt; margin-left:0cm; margin-right:0cm; margin-top:0cm\">Die Arbeitsstelle entwickelt neue Begegnungsr\u00e4ume und Werkzeuge f\u00fcr die Kommunikation des Evangeliums. Die fachliche Aufsicht und Steuerung liegt bei einem Kuratorium mit Vertreterinnen und Vertretern aus EKD, Diakonie und AMD unter Vorsitz von Michael Diener, Mitglied im Rat der EKD. Das Kollegium von midi besteht aus elf Referentinnen und Referenten und wird von Direktor Klaus Douglass geleitet. Der Sitz der Arbeitsstelle ist die Diakonie Deutschland im Evangelischen Werk f\u00fcr Diakonie und Entwicklung e.V. in Berlin. www.mi-di.de<\/p>\n<p style=\"margin-bottom:0.0001pt; margin-left:0cm; margin-right:0cm; margin-top:0cm\">\u00a0<\/p>\n<p style=\"margin-bottom:0.0001pt; margin-left:0cm; margin-right:0cm; margin-top:0cm\"><strong>Kontakt<\/strong><\/p>\n<p style=\"margin-bottom:0.0001pt; margin-left:0cm; margin-right:0cm; margin-top:0cm\">mi-di, Louisa Winkler, Referentin f\u00fcr Kommunikation,<\/p>\n<p style=\"margin-bottom:0.0001pt; margin-left:0cm; margin-right:0cm; margin-top:0cm\">+49 30 652 111 567, +49 172 142 5980, louisa.winkler@mi-di.de<\/p>\n<p style=\"margin-bottom:0.0001pt; margin-left:0cm; margin-right:0cm; margin-top:0cm\">\u00a0<\/p>\n<p class=\"EKDFlietext\" style=\"margin-bottom:0.0001pt; margin-left:0cm; margin-right:0cm; margin-top:0cm\">Hannover, 5. November 2020<\/p>\n<p class=\"EKDFlietext\" style=\"margin-bottom:0.0001pt; margin-left:0cm; margin-right:0cm; margin-top:0cm\">\u00a0<\/p>\n<p class=\"EKDFlietext\" style=\"margin-bottom:0.0001pt; margin-left:0cm; margin-right:0cm; margin-top:0cm\">Pressestelle der EKD<\/p>\n<\/div>\n","protected":false},"excerpt":{"rendered":"<p>Die Evangelische Arbeitsstelle f\u00fcr missionarische Kirchenentwicklung und diakonische Profilbildung (midi) stellt anl\u00e4sslich der digitalen Tagung der EKD-Synode am 8. und<\/p>\n","protected":false},"author":1,"featured_media":2372,"comment_status":"closed","ping_status":"closed","sticky":false,"template":"","format":"standard","meta":{"footnotes":""},"categories":[20],"tags":[],"_links":{"self":[{"href":"https:\/\/krankenhauspfarramt.de\/index.php\/wp-json\/wp\/v2\/posts\/2371"}],"collection":[{"href":"https:\/\/krankenhauspfarramt.de\/index.php\/wp-json\/wp\/v2\/posts"}],"about":[{"href":"https:\/\/krankenhauspfarramt.de\/index.php\/wp-json\/wp\/v2\/types\/post"}],"author":[{"embeddable":true,"href":"https:\/\/krankenhauspfarramt.de\/index.php\/wp-json\/wp\/v2\/users\/1"}],"replies":[{"embeddable":true,"href":"https:\/\/krankenhauspfarramt.de\/index.php\/wp-json\/wp\/v2\/comments?post=2371"}],"version-history":[{"count":1,"href":"https:\/\/krankenhauspfarramt.de\/index.php\/wp-json\/wp\/v2\/posts\/2371\/revisions"}],"predecessor-version":[{"id":2373,"href":"https:\/\/krankenhauspfarramt.de\/index.php\/wp-json\/wp\/v2\/posts\/2371\/revisions\/2373"}],"wp:featuredmedia":[{"embeddable":true,"href":"https:\/\/krankenhauspfarramt.de\/index.php\/wp-json\/wp\/v2\/media\/2372"}],"wp:attachment":[{"href":"https:\/\/krankenhauspfarramt.de\/index.php\/wp-json\/wp\/v2\/media?parent=2371"}],"wp:term":[{"taxonomy":"category","embeddable":true,"href":"https:\/\/krankenhauspfarramt.de\/index.php\/wp-json\/wp\/v2\/categories?post=2371"},{"taxonomy":"post_tag","embeddable":true,"href":"https:\/\/krankenhauspfarramt.de\/index.php\/wp-json\/wp\/v2\/tags?post=2371"}],"curies":[{"name":"wp","href":"https:\/\/api.w.org\/{rel}","templated":true}]}}