{"id":2376,"date":"2020-11-07T23:05:37","date_gmt":"2020-11-07T23:05:37","guid":{"rendered":"https:\/\/krankenhauspfarramt.de\/index.php\/2020\/11\/07\/eroeffnung-der-digitalen-tagung-der-velkd-generalsynode-ekd\/"},"modified":"2020-11-07T23:05:39","modified_gmt":"2020-11-07T23:05:39","slug":"eroeffnung-der-digitalen-tagung-der-velkd-generalsynode-ekd","status":"publish","type":"post","link":"https:\/\/krankenhauspfarramt.de\/index.php\/2020\/11\/07\/eroeffnung-der-digitalen-tagung-der-velkd-generalsynode-ekd\/","title":{"rendered":"Er\u00f6ffnung der digitalen Tagung der VELKD-Generalsynode \u2013 EKD"},"content":{"rendered":"<p> <br \/>\n<\/p>\n<div id=\"\">\n<div class=\"article--meta article--meta__border clearfix\">\n<p>                                    <time datetime=\"07.11.2020 18:00\" class=\"article--time\">07.11.2020<\/time><strong class=\"article--type primus--overline\">Pressemitteilung<\/strong><\/p>\n<picture class=\"article--source-image image\"><source srcset=\"https:\/\/ekd.de\/ekd_de\/ds_img\/assets\/velkd.jpg\"><!--<source srcset=\"\/ekd_de\/ds_img\/assets\/velkd_rdax_141x141.jpg 1x, \/ekd_de\/ds_img\/assets\/velkd_rdax_282x282.jpg 2x, https:\/\/ekd.de\/ekd_de\/ds_img\/assets\/velkd.jpg 3x\">--><\/source><\/picture>\n<\/p><\/div>\n<h2 class=\"article--sub-headline primus--sub-headline\">Leitende Geistliche: Corona-Krise beendet die Illusionen und fordert Selbstbesinnung und Selbstkritik <\/h2>\n<\/p><\/div>\n<div id=\"\">\n<p style=\"margin-bottom:0.0001pt; margin-left:0cm; margin-right:0cm; margin-top:0cm\">Mit einer Andacht aus dem Schweriner Dom, an der die Synodalen in digitaler Form teilgenommen haben, ist die 7. Tagung der 12. Generalsynode der Vereinigten Evangelisch-Lutherischen Kirche Deutschlands (VELKD) er\u00f6ffnet worden.<\/p>\n<p style=\"margin-bottom:0.0001pt; margin-left:0cm; margin-right:0cm; margin-top:0cm\">\u00a0<\/p>\n<p style=\"margin-bottom:0.0001pt; margin-left:0cm; margin-right:0cm; margin-top:0cm\">In ihrer Er\u00f6ffnungspredigt sagte die stellvertretende Leitende Bisch\u00f6fin der VELKD, Landesbisch\u00f6fin Kristina K\u00fchnbaum-Schmidt (Schwerin), zur aktuellen Situation: \u201eJetzt wach und n\u00fcchtern zu sein, das beendet die Illusion, wir Menschen w\u00fcrden die Erde, die Natur und alle Gesch\u00f6pfe beherrschen. Es beendet die Illusion, wir w\u00e4ren unantastbar und h\u00e4tten alles unter Kontrolle. Und es beendet die Illusion, wir h\u00e4tten schier unendlich Zeit, verf\u00fcgten \u00fcber unersch\u00f6pfliche Ressourcen und das freie Kr\u00e4ftespiel des Marktes w\u00fcrde schon alle Probleme l\u00f6sen.\u201c <span lang=\"X-NONE\">Der Glaube <\/span>dagegen sei \u201e<span lang=\"X-NONE\">keine Illusion, im Gegenteil. Er hilft, das Ende der Illusionen auszuhalten. Und festzuhalten an der unbeirrbaren Liebe Gottes.<\/span>\u201c So w\u00fcrden Christenmenschen auch in dunklen Zeiten aus der Hoffnung leben: \u201e<span lang=\"X-NONE\">Wir sehen Not und Elend \u2013 und buchstabieren Barmherzigkeit. Wir sehen prek\u00e4re Lebenssituationen, eine sich durch die Pandemie noch weiter \u00f6ffnende Schere zwischen Arm und Reich \u2013 und buchstabieren Gerechtigkeit. Wir sehen Terror, Hass und Gewalt \u2013 und buchstabieren Shalom. Das ver\u00e4ndert uns. Uns und die Welt.<\/span>\u201c<\/p>\n<p style=\"margin-bottom:0.0001pt; margin-left:0cm; margin-right:0cm; margin-top:0cm\">\u00a0<\/p>\n<p style=\"margin-bottom:0.0001pt; margin-left:0cm; margin-right:0cm; margin-top:0cm\">Der Leitende Bischof der VELKD, Landesbischof Ralf Meister (Hannover), stellte seinen Bericht vor der Generalsynode unter das Thema \u201eKirche im Exil\u201c: \u201e<span lang=\"X-NONE\">Die Corona<\/span>-K<span lang=\"X-NONE\">rise hat uns vertrieben aus einer gewohnten Welt. Einer Welt, die uns Heimat war. Mit allen St\u00e4rken und Schw\u00e4chen, ja, in aller Unvollkommenheit und in ihren Halbheiten war sie unser Zuhause.<\/span>\u201c Die Zeit des Exils sei \u201eeine Zeit der Selbstbesinnung\u201c, in der die Aufforderung gelte, im wachen Zustand die Welt zu betrachten, wie sie ist und verantwortlich zu handeln: \u201eEs geht um eine selbstkritische Betrachtung unserer Tradition und den Versuch, sie \u2013 teilweise radikal \u2013 so zu \u00fcbersetzen, dass sie als glaubw\u00fcrdige Richtschnur des Evangeliums in unserer Zeit verstanden wird. Vielleicht hilft uns darin sogar die Corona-Pandemie, weil sie schmerzhaft zeigt, in welchen Grenzen wir agieren und welche M\u00f6glichkeiten bisher zu wenig genutzt wurden.\u201c Das sei ein Wagnis und brauche Mut zum Risiko.<\/p>\n<p style=\"margin-bottom:0.0001pt; margin-left:0cm; margin-right:0cm; margin-top:0cm\">\u00a0<\/p>\n<p style=\"margin-bottom:0.0001pt; margin-left:0cm; margin-right:0cm; margin-top:0cm\">Die 7. Tagung ist die letzte der 12. Generalsynode der VELKD. Im Mai 2021 konstituiert sich die 13. Generalsynode. Der Pr\u00e4sident der Generalsynode, Prof. Dr. Dr. h. c. Wilfried Hartmann, und die Mitglieder des Pr\u00e4sidiums blickten in ihrem Bericht zur\u00fcck auf die vergangenen Tagungen und erw\u00e4hnten unter anderem die ab 2021 wirksam werdende st\u00e4rkere Beteiligung junger Menschen in der Generalsynode, die F\u00f6rderung der \u00f6kumenischen Beziehungen, die Besch\u00e4ftigung mit dem Gottesdienst und die Schwerpunktthemen der Synodaltagungen, unter anderem \u201eEuropa in Solidarit\u00e4t\u201c und \u201eDas wird eine Saat des Friedens sein\u201c.<\/p>\n<p style=\"margin-bottom:0.0001pt; margin-left:0cm; margin-right:0cm; margin-top:0cm\">\u00a0<\/p>\n<p style=\"margin-bottom:0.0001pt; margin-left:0cm; margin-right:-0.15pt; margin-top:0cm\"><em><span lang=\"DA\">Hinweis: <\/span><\/em><em><span lang=\"DA\">Die 7. Tagung der 12. Generalsynode der VELKD findet am 7. und 9.\u00a0November 2020 in digitaler Form statt.<\/span><\/em> <em><span lang=\"DA\">Die Plenumssitzungen werden unter <\/span><\/em><em><span lang=\"DA\">www.velkd.de\/stream<\/span><\/em><em><span lang=\"DA\"> im Livestream \u00fcbertragen. Berichte, Beschl\u00fcsse und Entschlie\u00dfungen finden Sie unter <\/span><\/em><em><span lang=\"DA\">www.velkd.de\/12-generalsynode<\/span><\/em><span style=\"text-decoration:underline\"><em><span lang=\"DA\">. <\/span><\/em><\/span><\/p>\n<p>Die Pressestelle erreichen Sie mobil unter 0151 46 10 15 20.<\/p>\n<p><span style=\"line-height:14pt\">Hannover, 7. November 2020<\/span><\/p>\n<p class=\"VELKDFlietext\" style=\"margin-bottom:0.0001pt; margin-left:0cm; margin-right:0cm; margin-top:0cm\"><span style=\"line-height:14pt\">Pressestelle der VELKD<\/span><\/p>\n<p class=\"VELKDFlietext\" style=\"margin-bottom:0.0001pt; margin-left:0cm; margin-right:0cm; margin-top:0cm\"><span style=\"line-height:14pt\">Henrike M\u00fcller<\/span><\/p>\n<\/div>\n","protected":false},"excerpt":{"rendered":"<p>07.11.2020Pressemitteilung Leitende Geistliche: Corona-Krise beendet die Illusionen und fordert Selbstbesinnung und Selbstkritik Mit einer Andacht aus dem Schweriner Dom, an<\/p>\n","protected":false},"author":1,"featured_media":611,"comment_status":"closed","ping_status":"closed","sticky":false,"template":"","format":"standard","meta":{"footnotes":""},"categories":[20],"tags":[],"_links":{"self":[{"href":"https:\/\/krankenhauspfarramt.de\/index.php\/wp-json\/wp\/v2\/posts\/2376"}],"collection":[{"href":"https:\/\/krankenhauspfarramt.de\/index.php\/wp-json\/wp\/v2\/posts"}],"about":[{"href":"https:\/\/krankenhauspfarramt.de\/index.php\/wp-json\/wp\/v2\/types\/post"}],"author":[{"embeddable":true,"href":"https:\/\/krankenhauspfarramt.de\/index.php\/wp-json\/wp\/v2\/users\/1"}],"replies":[{"embeddable":true,"href":"https:\/\/krankenhauspfarramt.de\/index.php\/wp-json\/wp\/v2\/comments?post=2376"}],"version-history":[{"count":1,"href":"https:\/\/krankenhauspfarramt.de\/index.php\/wp-json\/wp\/v2\/posts\/2376\/revisions"}],"predecessor-version":[{"id":2377,"href":"https:\/\/krankenhauspfarramt.de\/index.php\/wp-json\/wp\/v2\/posts\/2376\/revisions\/2377"}],"wp:featuredmedia":[{"embeddable":true,"href":"https:\/\/krankenhauspfarramt.de\/index.php\/wp-json\/wp\/v2\/media\/611"}],"wp:attachment":[{"href":"https:\/\/krankenhauspfarramt.de\/index.php\/wp-json\/wp\/v2\/media?parent=2376"}],"wp:term":[{"taxonomy":"category","embeddable":true,"href":"https:\/\/krankenhauspfarramt.de\/index.php\/wp-json\/wp\/v2\/categories?post=2376"},{"taxonomy":"post_tag","embeddable":true,"href":"https:\/\/krankenhauspfarramt.de\/index.php\/wp-json\/wp\/v2\/tags?post=2376"}],"curies":[{"name":"wp","href":"https:\/\/api.w.org\/{rel}","templated":true}]}}