{"id":2378,"date":"2020-11-08T03:06:50","date_gmt":"2020-11-08T03:06:50","guid":{"rendered":"https:\/\/krankenhauspfarramt.de\/index.php\/2020\/11\/08\/synodale-beraten-ueber-die-zukunft-der-kirche-ekd\/"},"modified":"2020-11-08T03:06:51","modified_gmt":"2020-11-08T03:06:51","slug":"synodale-beraten-ueber-die-zukunft-der-kirche-ekd","status":"publish","type":"post","link":"https:\/\/krankenhauspfarramt.de\/index.php\/2020\/11\/08\/synodale-beraten-ueber-die-zukunft-der-kirche-ekd\/","title":{"rendered":"Synodale beraten \u00fcber die Zukunft der Kirche \u2013 EKD"},"content":{"rendered":"<p> <br \/>\n<\/p>\n<div id=\"\">\n<div class=\"article--meta article--meta__border clearfix\">\n<p>                                    <time datetime=\"06.11.2020 14:00\" class=\"article--time\">06.11.2020<\/time><strong class=\"article--type primus--overline\">Pressemitteilung<\/strong><\/p>\n<picture class=\"article--source-image image\"><source srcset=\"https:\/\/ekd.de\/ekd_de\/ds_img\/assets\/20170622_ekd-Quellenlogo_141.png\"><!--<source srcset=\"\/ekd_de\/ds_img\/assets\/20170622_ekd-Quellenlogo_141_rdax_141x59.png 1x, \/ekd_de\/ds_img\/assets\/20170622_ekd-Quellenlogo_141_rdax_282x118.png 2x, https:\/\/ekd.de\/ekd_de\/ds_img\/assets\/20170622_ekd-Quellenlogo_141.png 3x\">--><\/source><\/picture>\n<\/p><\/div>\n<h2 class=\"article--sub-headline primus--sub-headline\">Synode der EKD tagt digital und wird mit ZDF-Fernsehgottesdienst er\u00f6ffnet<\/h2>\n<\/p><\/div>\n<div id=\"\">\n<p style=\"margin-bottom:0.0001pt; margin-left:0cm; margin-right:0cm; margin-top:0cm\">Mit einem ZDF-Fernsehgottesdienst am Sonntag, 8. November 2020, um 9.30 Uhr, beginnt die 7. Tagung der 12. Synode der Evangelischen Kirche in Deutschland (EKD). Der Gottesdienst steht unter dem Thema der diesj\u00e4hrigen Synode \u201eKirche ist Zukunft\u201c und wird aus der Johanneskirche in Erbach \u00fcbertragen. Die Predigt h\u00e4lt Bischof Christian St\u00e4blein (Berlin).<\/p>\n<p style=\"margin-bottom:0.0001pt; margin-left:0cm; margin-right:0cm; margin-top:0cm\">\u00a0<\/p>\n<p style=\"margin-bottom:0.0001pt; margin-left:0cm; margin-right:0cm; margin-top:0cm\">Aufgrund der Corona-Pandemie findet die letzte Tagung der 12. Synode rein digital statt. Im Fokus der Beratungen der 120 Delegierten steht die Frage, wie evangelische Kirche von morgen aussehen kann. \u201eDiese Frage stellen wir uns nicht erst seit Corona. Wir haben mit den Zukunftsprozessen direkt nach dem Reformationsjubil\u00e4um 2017 begonnen\u201c, sagt Synoden-Pr\u00e4ses Irmgard Schwaetzer. \u201eDabei haben wir drei verschiedene Str\u00e4nge verfolgt. Neben den Finanzen standen dabei Fragen nach der Digitalisierung und dem Platz der Kirche in der Gesellschaft im Fokus\u201c, so Schwaetzer weiter. Daraus entstanden sind die drei Prozesse \u201eKirche auf gutem Grund \u2013 Zw\u00f6lf Leits\u00e4tze zur Zukunft einer aufgeschlossenen Kirche\u201c, \u201eProzess zur Neuorientierung der Finanzstrategie der EKD\u201c sowie \u201eKirche im digitalen Wandel\u201c, die im Plenum vorgestellt und diskutiert werden sollen.<\/p>\n<p style=\"margin-bottom:0.0001pt; margin-left:0cm; margin-right:0cm; margin-top:0cm\">\u00a0<\/p>\n<p style=\"margin-bottom:0.0001pt; margin-left:0cm; margin-right:0cm; margin-top:0cm\">Au\u00dferdem beraten und beschlie\u00dfen die Mitglieder der Synode im Laufe der Tagung den Haushaltsplan sowie weitere Gesetze.<\/p>\n<p style=\"margin-bottom:0.0001pt; margin-left:0cm; margin-right:0cm; margin-top:0cm\">\u00a0<\/p>\n<p style=\"margin-bottom:0.0001pt; margin-left:0cm; margin-right:0cm; margin-top:0cm\">Viele Themen der Synode, die in diesem Jahr nur zwei Tage dauert, werden aufgrund der verk\u00fcrzten Zeit schriftlich eingebracht. F\u00fcr die Beratungen dieser schriftlichen Berichte ist eine Aussprache am Montag, 9. November 2020, geplant.<\/p>\n<p style=\"margin-bottom:0.0001pt; margin-left:0cm; margin-right:0cm; margin-top:0cm\">\u00a0<\/p>\n<p style=\"margin-bottom:0.0001pt; margin-left:0cm; margin-right:0cm; margin-top:0cm\">Die gesamte Tagung der EKD-Synode kann in diesem Jahr im Livestream unter www.ekd.de\/stream verfolgt werden.<\/p>\n<p style=\"margin-bottom:0.0001pt; margin-left:0cm; margin-right:0cm; margin-top:0cm\">\u00a0<\/p>\n<p style=\"margin-bottom:0.0001pt; margin-left:0cm; margin-right:0cm; margin-top:0cm\">Hannover, 06. November 2020<\/p>\n<p style=\"margin-bottom:0.0001pt; margin-left:0cm; margin-right:0cm; margin-top:0cm\">\u00a0<\/p>\n<p style=\"margin-bottom:0.0001pt; margin-left:0cm; margin-right:0cm; margin-top:0cm\">Pressestelle der EKD<\/p>\n<p style=\"margin-bottom:0.0001pt; margin-left:0cm; margin-right:0cm; margin-top:0cm\">Annika Lukas<\/p>\n<p class=\"EKDFlietext\" style=\"margin-bottom:0.0001pt; margin-left:0cm; margin-right:0cm; margin-top:0cm\">\u00a0<\/p>\n<p><em>\u00dcber die Synode der EKD: Die Synode der EKD ist neben Rat und Kirchenkonferenz eines der drei Leitungsorgane der EKD. Sie tagt vom 8. bis 9. November digital. Nach der Grundordnung der EKD besteht die 12. Synode aus 120 Mitgliedern. Zu den Aufgaben der Synode z\u00e4hlen die Erarbeitung von Kundgebungen und Beschl\u00fcssen zu Fragen der Zeit sowie die Begleitung der Arbeit des Rates der EKD durch Richtlinien. Die Synode ber\u00e4t und beschlie\u00dft aber auch den Haushalt und die Kirchengesetze. Geleitet wird die Synode vom Pr\u00e4sidium unter dem Vorsitz von Pr\u00e4ses Irmgard Schwaetzer. Sie ist zugleich Mitglied des 15-k\u00f6pfigen Rates der EKD.\u00a0<em style=\"font-style:italic\">Vorsitzender des Rates der EKD ist Landesbischof Heinrich Bedford-Strohm. Die EKD ist die Gemeinschaft von 20 lutherischen, reformierten und unierten Landeskirchen. 21,1 Millionen evangelische Christinnen und Christen in Deutschland geh\u00f6ren zu einer der rund 13.500 Kirchengemeinden.<\/em><\/em><\/p>\n<\/div>\n","protected":false},"excerpt":{"rendered":"<p>06.11.2020Pressemitteilung Synode der EKD tagt digital und wird mit ZDF-Fernsehgottesdienst er\u00f6ffnet Mit einem ZDF-Fernsehgottesdienst am Sonntag, 8. November 2020, um<\/p>\n","protected":false},"author":1,"featured_media":569,"comment_status":"closed","ping_status":"closed","sticky":false,"template":"","format":"standard","meta":{"footnotes":""},"categories":[20],"tags":[],"_links":{"self":[{"href":"https:\/\/krankenhauspfarramt.de\/index.php\/wp-json\/wp\/v2\/posts\/2378"}],"collection":[{"href":"https:\/\/krankenhauspfarramt.de\/index.php\/wp-json\/wp\/v2\/posts"}],"about":[{"href":"https:\/\/krankenhauspfarramt.de\/index.php\/wp-json\/wp\/v2\/types\/post"}],"author":[{"embeddable":true,"href":"https:\/\/krankenhauspfarramt.de\/index.php\/wp-json\/wp\/v2\/users\/1"}],"replies":[{"embeddable":true,"href":"https:\/\/krankenhauspfarramt.de\/index.php\/wp-json\/wp\/v2\/comments?post=2378"}],"version-history":[{"count":1,"href":"https:\/\/krankenhauspfarramt.de\/index.php\/wp-json\/wp\/v2\/posts\/2378\/revisions"}],"predecessor-version":[{"id":2379,"href":"https:\/\/krankenhauspfarramt.de\/index.php\/wp-json\/wp\/v2\/posts\/2378\/revisions\/2379"}],"wp:featuredmedia":[{"embeddable":true,"href":"https:\/\/krankenhauspfarramt.de\/index.php\/wp-json\/wp\/v2\/media\/569"}],"wp:attachment":[{"href":"https:\/\/krankenhauspfarramt.de\/index.php\/wp-json\/wp\/v2\/media?parent=2378"}],"wp:term":[{"taxonomy":"category","embeddable":true,"href":"https:\/\/krankenhauspfarramt.de\/index.php\/wp-json\/wp\/v2\/categories?post=2378"},{"taxonomy":"post_tag","embeddable":true,"href":"https:\/\/krankenhauspfarramt.de\/index.php\/wp-json\/wp\/v2\/tags?post=2378"}],"curies":[{"name":"wp","href":"https:\/\/api.w.org\/{rel}","templated":true}]}}