{"id":2385,"date":"2020-11-08T12:57:43","date_gmt":"2020-11-08T12:57:43","guid":{"rendered":"https:\/\/krankenhauspfarramt.de\/index.php\/2020\/11\/08\/wir-wollen-nicht-die-schweigende-kirche-sein-ekd\/"},"modified":"2020-11-08T12:57:45","modified_gmt":"2020-11-08T12:57:45","slug":"wir-wollen-nicht-die-schweigende-kirche-sein-ekd","status":"publish","type":"post","link":"https:\/\/krankenhauspfarramt.de\/index.php\/2020\/11\/08\/wir-wollen-nicht-die-schweigende-kirche-sein-ekd\/","title":{"rendered":"Wir wollen nicht die schweigende Kirche sein \u2013 EKD"},"content":{"rendered":"<p> <br \/>\n<\/p>\n<div>\n<p>Angesichts von Schrecken und Schmerz \u00fcber den Terror in Wien, Lyon, Nizza, Paris, Dresden erscheine das Leben in diesen Tagen oft ausgeliefert, sagte St\u00e4blein. Dazu komme die Pandemie, \u201edie uns die Grenzen unseres \u201awir haben unser Leben in der Hand und k\u00f6nnen alles planen\u2018 vor Augen f\u00fchrt\u201c, sagte er. \u201eWir k\u00f6nnen nicht alles planen und machen, schon gar nicht unser Leben selbst.\u201c<\/p>\n<h3>Bedford-Strohm:\u00a0Kirche ist die \u201eAvantgarde des Reiches Gottes\u201c<\/h3>\n<p>In dem Gottesdienst kamen auch Synodale per Videobotschaft zu Wort und erz\u00e4hlten, was die Kirche f\u00fcr sie bedeute. So sagte der EKD-Ratsvorsitzende Heinrich Bedford-Strohm, die Kirche sei f\u00fcr ihn so etwas wie die \u201eAvantgarde des Reiches Gottes\u201c. Am Sonntagvormittag steht traditionell der Bericht des Ratsvorsitzenden auf der Tagesordnung, in dem dieser auch zu aktuellen gesellschaftlichen Fragen Stellung nimmt.<\/p>\n<p>Die rund 120 Synodalen beraten bis Montag digital, unter anderem verabschieden sie den Haushalt der EKD und debattieren \u00fcber Reformen f\u00fcr die Zukunft der Kirche. Angesichts sinkender Mitgliedszahlen und Kirchensteuereinnahmen steht unter anderem eine st\u00e4rkere Zusammenarbeit der 20 Landeskirchen zur Debatte. Au\u00dferdem geht es um die Weitergabe des Glaubens in einer zunehmend s\u00e4kularen Gesellschaft und die Finanzierung kirchlichen Handelns.<\/p>\n<\/p><\/div>\n","protected":false},"excerpt":{"rendered":"<p>Angesichts von Schrecken und Schmerz \u00fcber den Terror in Wien, Lyon, Nizza, Paris, Dresden erscheine das Leben in diesen Tagen<\/p>\n","protected":false},"author":1,"featured_media":2386,"comment_status":"closed","ping_status":"closed","sticky":false,"template":"","format":"standard","meta":{"footnotes":""},"categories":[20],"tags":[],"_links":{"self":[{"href":"https:\/\/krankenhauspfarramt.de\/index.php\/wp-json\/wp\/v2\/posts\/2385"}],"collection":[{"href":"https:\/\/krankenhauspfarramt.de\/index.php\/wp-json\/wp\/v2\/posts"}],"about":[{"href":"https:\/\/krankenhauspfarramt.de\/index.php\/wp-json\/wp\/v2\/types\/post"}],"author":[{"embeddable":true,"href":"https:\/\/krankenhauspfarramt.de\/index.php\/wp-json\/wp\/v2\/users\/1"}],"replies":[{"embeddable":true,"href":"https:\/\/krankenhauspfarramt.de\/index.php\/wp-json\/wp\/v2\/comments?post=2385"}],"version-history":[{"count":1,"href":"https:\/\/krankenhauspfarramt.de\/index.php\/wp-json\/wp\/v2\/posts\/2385\/revisions"}],"predecessor-version":[{"id":2387,"href":"https:\/\/krankenhauspfarramt.de\/index.php\/wp-json\/wp\/v2\/posts\/2385\/revisions\/2387"}],"wp:featuredmedia":[{"embeddable":true,"href":"https:\/\/krankenhauspfarramt.de\/index.php\/wp-json\/wp\/v2\/media\/2386"}],"wp:attachment":[{"href":"https:\/\/krankenhauspfarramt.de\/index.php\/wp-json\/wp\/v2\/media?parent=2385"}],"wp:term":[{"taxonomy":"category","embeddable":true,"href":"https:\/\/krankenhauspfarramt.de\/index.php\/wp-json\/wp\/v2\/categories?post=2385"},{"taxonomy":"post_tag","embeddable":true,"href":"https:\/\/krankenhauspfarramt.de\/index.php\/wp-json\/wp\/v2\/tags?post=2385"}],"curies":[{"name":"wp","href":"https:\/\/api.w.org\/{rel}","templated":true}]}}