{"id":2388,"date":"2020-11-08T17:03:51","date_gmt":"2020-11-08T17:03:51","guid":{"rendered":"https:\/\/krankenhauspfarramt.de\/index.php\/2020\/11\/08\/einbringung-des-berichts-kirche-im-digitalen-wandel-strategische-relevanz-der-digitalisierung-fuer-zukunftsprozesse-durch-kirchenpraesident-dr-dr-h-c-volker-jung\/"},"modified":"2020-11-08T17:03:53","modified_gmt":"2020-11-08T17:03:53","slug":"einbringung-des-berichts-kirche-im-digitalen-wandel-strategische-relevanz-der-digitalisierung-fuer-zukunftsprozesse-durch-kirchenpraesident-dr-dr-h-c-volker-jung","status":"publish","type":"post","link":"https:\/\/krankenhauspfarramt.de\/index.php\/2020\/11\/08\/einbringung-des-berichts-kirche-im-digitalen-wandel-strategische-relevanz-der-digitalisierung-fuer-zukunftsprozesse-durch-kirchenpraesident-dr-dr-h-c-volker-jung\/","title":{"rendered":"Einbringung des Berichts \u201eKirche im digitalen Wandel\u201c \u2013 Strategische Relevanz der Digitalisierung f\u00fcr Zukunftsprozesse durch Kirchenpr\u00e4sident Dr. Dr. h.c. Volker Jung"},"content":{"rendered":"<p> <br \/>\n<\/p>\n<div id=\"\">\n<p>Die \u201eZw\u00f6lf Leits\u00e4tze zur Zukunft einer aufgeschlossenen Kirche\u201c widmen der Digitalisierung einen eigenen Punkt. Das dr\u00fcckt aus: Wir sind \u201eKirche im digitalen Wandel\u201c in einer Welt im digitalen Wandel. Wie gut es ist, die Digitalisierung als Aufgabe und Chance zu begreifen, zeigen nicht zuletzt die Erfahrungen dieses Jahres und die Erfahrung, die wir auch gerade jetzt mit unserer digitalen Synode machen. Im letzten Jahr haben wir noch \u00fcber die Verwendung digitaler Tools in der Synode geredet, jetzt ist unsere Synode digital. Wir erleben dabei, wie hilfreich es ist, dass wir diese M\u00f6glichkeiten haben. Und wir sehen Grenzen, weil wir erkennen, was Digitalisierung nicht leisten kann und was uns fehlt.<\/p>\n<p>Bisher haben wir uns strategisch an drei Aufgaben orientiert:<\/p>\n<ol>\n<li>Digitalisierung in Kirche und Gesellschaft in theologischer und ethischer Reflexion gestalten und begleiten.<\/li>\n<li>Digitalisierung nutzen, um das Evangelium zu kommunizieren.<\/li>\n<li>Digitalisierung einsetzen, um Arbeitsprozesse zu verbessern.<\/li>\n<\/ol>\n<p>Der Bericht, der Ihnen als Drucksache IX c \/ 1 vorliegt, gibt einen \u00dcberblick \u00fcber die vielf\u00e4ltigen Aktivit\u00e4ten des letzten Jahres. Die waren und sind in dieser Form m\u00f6glich, weil wir den Stabsbereich Digitalisierung haben. Von dort gehen viele Impulse aus. Zugleich ist deutlich zu sehen, wie vernetztes Arbeiten mit und zwischen den Landeskirchen und Einrichtungen gest\u00e4rkt wird. Der Digitalinnovationsfonds ist ein wichtiges Instrument f\u00fcr Innovation und Kooperation.<\/p>\n<p>Mit dem Bericht wird Ihnen ein Beschlussvorschlag vorgelegt, mit dem Sie den strategischen Empfehlungen des Berichtes zustimmen und den Rat bitten, diese im Sinne einer Digitalstrategie weiterzuentwickeln.<\/p>\n<p>Die strategischen Empfehlungen des Berichtes bleiben in der Linie unserer bisherigen Orientierung.<\/p>\n<ul>\n<li>Demnach ist der vielf\u00e4ltig initiierte theologische und ethische Diskurs weiterzuf\u00fchren.<\/li>\n<li>Kommunikation des Evangeliums ist erkennbar nicht nur die Nutzung neuer Kommunikationsm\u00f6glichkeiten, sondern die digitale Weiterentwicklung des Gemeindelebens in einem umfassenden Sinn (digitale Gottesdienste, Konfirmandenunterricht, Seelsorge, Mitgliederkommunikation etc.).<\/li>\n<li>Hinsichtlich der Arbeitsprozesse geht es noch st\u00e4rker als bisher darum, Effizienz zu steigern, also nach M\u00f6glichkeit vieles \u201eschneller, billiger, besser\u201c zu machen.<\/li>\n<\/ul>\n<p>Mit dem Bericht schl\u00e4gt die Stabsstelle Digitalisierung auch vor, dem Digital-Innovationsfonds einen Digital-Effizienzfonds an die Seite zu stellen. Hier\u00fcber beschlie\u00dfen Sie mit dem Haushaltsbeschluss.<\/p>\n<p>Der Zukunftsausschuss hat zu dem Bericht noch weiterf\u00fchrende \u00dcberlegungen erarbeitet und wird diese gesondert vorlegen.<\/p>\n<p>Ich danke Ihnen f\u00fcr die Aufmerksamkeit und m\u00f6chte gerne \u2013 wie im letzten Jahr \u2013 Herrn Sterzik die Gelegenheit geben, an Beispielen kurz die Arbeit der Stabsstelle zu illustrieren.<\/p>\n<\/div>\n<div id=\"\">\n<div class=\"article--downloads download\">\n<figure class=\"image image__float\" style=\"z-index: 4; position: relative;\"><picture><source srcset=\"https:\/\/ekd.de\/ekd_de\/ds_img\/assets_789_x\/ekd_kircheistzukunft_keyvisual_landingpage_header_789x444px_rdax_263x148_60.jpg 1x, https:\/\/ekd.de\/ekd_de\/ds_img\/assets_789_x\/ekd_kircheistzukunft_keyvisual_landingpage_header_789x444px_rdax_526x296_60.jpg 2x, https:\/\/ekd.de\/ekd_de\/ds_img\/assets_789_x\/ekd_kircheistzukunft_keyvisual_landingpage_header_789x444px_rdax_60.jpg 3x\"><\/source><\/picture>\n<\/figure>\n<p><h3 class=\"primus--sub-headline\">7. Tagung der 12. Synode der EKD<\/h3>\n<\/p>\n<p>Die diesj\u00e4hrige Tagung der EKD-Synode findet in digitaler Form statt. Im Mittelpunkt stehen die Zukunftsprozesse der EKD.<\/p>\n<\/p><\/div>\n<\/div>\n","protected":false},"excerpt":{"rendered":"<p>Die \u201eZw\u00f6lf Leits\u00e4tze zur Zukunft einer aufgeschlossenen Kirche\u201c widmen der Digitalisierung einen eigenen Punkt. Das dr\u00fcckt aus: Wir sind \u201eKirche<\/p>\n","protected":false},"author":1,"featured_media":2389,"comment_status":"closed","ping_status":"closed","sticky":false,"template":"","format":"standard","meta":{"footnotes":""},"categories":[20],"tags":[],"_links":{"self":[{"href":"https:\/\/krankenhauspfarramt.de\/index.php\/wp-json\/wp\/v2\/posts\/2388"}],"collection":[{"href":"https:\/\/krankenhauspfarramt.de\/index.php\/wp-json\/wp\/v2\/posts"}],"about":[{"href":"https:\/\/krankenhauspfarramt.de\/index.php\/wp-json\/wp\/v2\/types\/post"}],"author":[{"embeddable":true,"href":"https:\/\/krankenhauspfarramt.de\/index.php\/wp-json\/wp\/v2\/users\/1"}],"replies":[{"embeddable":true,"href":"https:\/\/krankenhauspfarramt.de\/index.php\/wp-json\/wp\/v2\/comments?post=2388"}],"version-history":[{"count":1,"href":"https:\/\/krankenhauspfarramt.de\/index.php\/wp-json\/wp\/v2\/posts\/2388\/revisions"}],"predecessor-version":[{"id":2390,"href":"https:\/\/krankenhauspfarramt.de\/index.php\/wp-json\/wp\/v2\/posts\/2388\/revisions\/2390"}],"wp:featuredmedia":[{"embeddable":true,"href":"https:\/\/krankenhauspfarramt.de\/index.php\/wp-json\/wp\/v2\/media\/2389"}],"wp:attachment":[{"href":"https:\/\/krankenhauspfarramt.de\/index.php\/wp-json\/wp\/v2\/media?parent=2388"}],"wp:term":[{"taxonomy":"category","embeddable":true,"href":"https:\/\/krankenhauspfarramt.de\/index.php\/wp-json\/wp\/v2\/categories?post=2388"},{"taxonomy":"post_tag","embeddable":true,"href":"https:\/\/krankenhauspfarramt.de\/index.php\/wp-json\/wp\/v2\/tags?post=2388"}],"curies":[{"name":"wp","href":"https:\/\/api.w.org\/{rel}","templated":true}]}}