{"id":2476,"date":"2020-11-16T17:58:43","date_gmt":"2020-11-16T17:58:43","guid":{"rendered":"https:\/\/krankenhauspfarramt.de\/index.php\/2020\/11\/16\/missbrauchsbetroffene-an-aufarbeitung-beteiligen-ekd\/"},"modified":"2020-11-16T17:58:44","modified_gmt":"2020-11-16T17:58:44","slug":"missbrauchsbetroffene-an-aufarbeitung-beteiligen-ekd","status":"publish","type":"post","link":"https:\/\/krankenhauspfarramt.de\/index.php\/2020\/11\/16\/missbrauchsbetroffene-an-aufarbeitung-beteiligen-ekd\/","title":{"rendered":"Missbrauchsbetroffene an Aufarbeitung beteiligen \u2013 EKD"},"content":{"rendered":"<p> <br \/>\n<\/p>\n<div>\n<p><em>Bislang wurden durch die zust\u00e4ndige Kommission 881 F\u00e4lle sexualisierter Gewalt in der EKD und der Diakonie bekannt. Wie hoch sch\u00e4tzen Sie die Dunkelziffer?<\/em><\/p>\n<p><strong>Meyns: <\/strong>Auch das ist schwer zu sagen. Untersuchungen \u00fcber sexualisierte Gewalt im famili\u00e4ren Umfeld haben beispielsweise ergeben, dass der weit \u00fcberwiegende Teil der F\u00e4lle nicht zur Anzeige gebracht wird. Andere Studien gehen bei Missbrauchsdelikten davon aus, dass die Dunkelziffer etwa Faktor zehn der bekannten F\u00e4lle betr\u00e4gt. Ohne genaue Zahlen zu kennen: Sicher ist, dass wir nur um einen Teil der F\u00e4lle wissen.<\/p>\n<p><em>Wie schwierig ist es, dieses Dunkelfeld auszuleuchten &#8211; und wom\u00f6glich weitere T\u00e4ter zu identifizieren?<\/em><\/p>\n<p><strong>Meyns:<\/strong> Nat\u00fcrlich umfasst die unabh\u00e4ngige Aufarbeitungsstudie auch ein Projekt zur Gesamtzahl der F\u00e4lle. Es soll kl\u00e4ren, welche Dimensionen die sexualisierte Gewalt in der Kirche tats\u00e4chlich hat. Da dies ohne konkrete Hinweise schwierig ist, sollen, soweit m\u00f6glich, die Personalakten Auskunft geben. Sofern im Einzelfall kein Disziplinarverfahren wegen entsprechender Vergehen verzeichnet ist, wird es komplizierter, Hinweise auf sexualisierte Gewalt zu finden. Um die Dimensionen des Missbrauchs in der Kirche dar\u00fcber hinaus einordnen zu k\u00f6nnen, haben wir den Unabh\u00e4ngigen Beauftragten der Bundesregierung gebeten, eine Studie anzuregen, die das Dunkelfeld sexualisierter Gewalt in allen Institutionen bundesweit erhellt.<\/p>\n<p><em>Wom\u00f6glich weil es so schwer ist, Licht ins Dunkel zu bringen, fordern Betroffene eine Einbindung staatlicher Stellen in die Aufarbeitung, um maximale Unabh\u00e4ngigkeit zu garantieren. Wie stehen Sie dazu?<\/em><\/p>\n<p><strong>Meyns:<\/strong> Tats\u00e4chlich beraten wir mit dem Unabh\u00e4ngigen Beauftragten f\u00fcr Fragen des sexuellen Kindesmissbrauchs, Johannes-Wilhelm R\u00f6rig, bereits, wie wir die institutionelle Aufarbeitung transparent, unabh\u00e4ngig und im Sinne der Betroffenen gestalten k\u00f6nnen.<\/p>\n<p><em>Was tun Sie, um die Betroffenen am Prozess zu beteiligen?<\/em><\/p>\n<p><strong>Meyns:<\/strong> Seit dem Sommer gibt es einen zw\u00f6lfk\u00f6pfigen Betroffenenbeirat, der sich aus Personen zusammensetzt, die entweder selbst Erfahrungen mit sexualisierter Gewalt haben oder Familienangeh\u00f6rige sind. Das Gremium konnte Corona-bedingt leider erst versp\u00e4tet an den Start gehen. Ich bin \u00fcberzeugt, dass der Betroffenenbeirat uns ein kritisches Gegen\u00fcber sein wird &#8211; und wo n\u00f6tig, ein Korrektiv. Denn klar ist: F\u00fcr eine Aufarbeitung, die diesen Namen verdient, m\u00fcssen die Betroffenen intensiv beteiligt sein.<\/p>\n<p style=\"text-align:right\"><em>Das epd-Gespr\u00e4ch f\u00fchrte\u00a0Daniel Behrendt.<\/em><\/p>\n<hr\/>\n<p>Informationen zum Beauftragtenrat<\/p>\n<p>\u00a0<\/p>\n<\/p><\/div>\n","protected":false},"excerpt":{"rendered":"<p>Bislang wurden durch die zust\u00e4ndige Kommission 881 F\u00e4lle sexualisierter Gewalt in der EKD und der Diakonie bekannt. Wie hoch sch\u00e4tzen<\/p>\n","protected":false},"author":1,"featured_media":2403,"comment_status":"closed","ping_status":"closed","sticky":false,"template":"","format":"standard","meta":{"footnotes":""},"categories":[20],"tags":[],"_links":{"self":[{"href":"https:\/\/krankenhauspfarramt.de\/index.php\/wp-json\/wp\/v2\/posts\/2476"}],"collection":[{"href":"https:\/\/krankenhauspfarramt.de\/index.php\/wp-json\/wp\/v2\/posts"}],"about":[{"href":"https:\/\/krankenhauspfarramt.de\/index.php\/wp-json\/wp\/v2\/types\/post"}],"author":[{"embeddable":true,"href":"https:\/\/krankenhauspfarramt.de\/index.php\/wp-json\/wp\/v2\/users\/1"}],"replies":[{"embeddable":true,"href":"https:\/\/krankenhauspfarramt.de\/index.php\/wp-json\/wp\/v2\/comments?post=2476"}],"version-history":[{"count":1,"href":"https:\/\/krankenhauspfarramt.de\/index.php\/wp-json\/wp\/v2\/posts\/2476\/revisions"}],"predecessor-version":[{"id":2477,"href":"https:\/\/krankenhauspfarramt.de\/index.php\/wp-json\/wp\/v2\/posts\/2476\/revisions\/2477"}],"wp:featuredmedia":[{"embeddable":true,"href":"https:\/\/krankenhauspfarramt.de\/index.php\/wp-json\/wp\/v2\/media\/2403"}],"wp:attachment":[{"href":"https:\/\/krankenhauspfarramt.de\/index.php\/wp-json\/wp\/v2\/media?parent=2476"}],"wp:term":[{"taxonomy":"category","embeddable":true,"href":"https:\/\/krankenhauspfarramt.de\/index.php\/wp-json\/wp\/v2\/categories?post=2476"},{"taxonomy":"post_tag","embeddable":true,"href":"https:\/\/krankenhauspfarramt.de\/index.php\/wp-json\/wp\/v2\/tags?post=2476"}],"curies":[{"name":"wp","href":"https:\/\/api.w.org\/{rel}","templated":true}]}}