{"id":2478,"date":"2020-11-16T19:34:19","date_gmt":"2020-11-16T19:34:19","guid":{"rendered":"https:\/\/krankenhauspfarramt.de\/index.php\/2020\/11\/16\/das-gespraech-suchen-fuer-akzeptanz-werben-solidaritaet-ueben-ekd\/"},"modified":"2020-11-16T19:34:20","modified_gmt":"2020-11-16T19:34:20","slug":"das-gespraech-suchen-fuer-akzeptanz-werben-solidaritaet-ueben-ekd","status":"publish","type":"post","link":"https:\/\/krankenhauspfarramt.de\/index.php\/2020\/11\/16\/das-gespraech-suchen-fuer-akzeptanz-werben-solidaritaet-ueben-ekd\/","title":{"rendered":"Das Gespr\u00e4ch suchen, f\u00fcr Akzeptanz werben, Solidarit\u00e4t \u00fcben \u2013 EKD"},"content":{"rendered":"<p> <br \/>\n<\/p>\n<div id=\"\">\n<div class=\"article--meta article--meta__border clearfix\">\n<p>                                    <time datetime=\"16.11.2020 10:00\" class=\"article--time\">16.11.2020<\/time><strong class=\"article--type primus--overline\">Pressemitteilung<\/strong><\/p>\n<picture class=\"article--source-image image\"><source srcset=\"https:\/\/ekd.de\/ekd_de\/ds_img\/assets\/20170622_ekd-Quellenlogo_141.png\"><!--<source srcset=\"\/ekd_de\/ds_img\/assets\/20170622_ekd-Quellenlogo_141_rdax_141x59.png 1x, \/ekd_de\/ds_img\/assets\/20170622_ekd-Quellenlogo_141_rdax_282x118.png 2x, https:\/\/ekd.de\/ekd_de\/ds_img\/assets\/20170622_ekd-Quellenlogo_141.png 3x\">--><\/source><\/picture>\n<\/p><\/div><\/div>\n<div id=\"\">\n<p style=\"margin-bottom:0.0001pt; margin-left:0cm; margin-right:0cm; margin-top:0cm\">Die \u201eAllianz f\u00fcr Weltoffenheit, Solidarit\u00e4t, Demokratie und Rechtsstaat \u2013 gegen Intoleranz, Menschenfeindlichkeit und Gewalt\u201c hat in einem gemeinsamen Aufruf daf\u00fcr geworben, angesichts der aktuellen Herausforderungen der Corona-Pandemie demokratische Grundwerte und gesellschaftlichen Zusammenhalt zu wahren, den Diskurs zu suchen und Solidarit\u00e4t zu \u00fcben.<\/p>\n<p style=\"margin-bottom:0.0001pt; margin-left:0cm; margin-right:0cm; margin-top:0cm\">\u00a0<\/p>\n<p style=\"margin-bottom:0.0001pt; margin-left:0cm; margin-right:0cm; margin-top:0cm\"><span style=\"text-autospace:none\"><strong><em>\u201e<\/em><\/strong>Die Corona-Pandemie und ihre Bew\u00e4ltigung sind f\u00fcr die Menschen in Deutschland und weltweit eine schwere Belastung. Seit dem Ausbruch der Krise haben Gesellschaft und Politik in unserem Land Vieles richtig gemacht. Die Verbreitung des Virus konnte zun\u00e4chst verlangsamt werden. Eine \u00dcberlastung unseres Gesundheitssystems wurde bisher verhindert. Die wirtschaftlichen und sozialen Folgesch\u00e4den konnten bislang in Grenzen gehalten werden. Seit Oktober sind die Infektionszahlen wieder stark angestiegen. Wenn wir das aktuelle Pandemiegeschehen nicht rasch in den Griff bekommen, sind die Risiken erheblich: f\u00fcr die Gesundheit und das Leben vieler Menschen, ihre wirtschaftliche Existenz, aber auch f\u00fcr das gesellschaftliche Miteinander.<\/span><\/p>\n<p style=\"margin-bottom:0.0001pt; margin-left:0cm; margin-right:0cm; margin-top:0cm\">\u00a0<\/p>\n<p style=\"margin-bottom:0.0001pt; margin-left:0cm; margin-right:0cm; margin-top:0cm\"><span style=\"text-autospace:none\">Eine gro\u00dfe Mehrheit in unserem Land tr\u00e4gt das entschlossene Handeln der Politik mit. Auch der Grundsatz, dass jede und jeder Einzelne Verantwortung f\u00fcr den anderen \u00fcbernehmen muss, trifft weiterhin auf breite Zustimmung. Gleichzeitig sinkt jedoch die Akzeptanz f\u00fcr pauschale Antworten. Zunehmend besteht die Herausforderung darin, differenzierte L\u00f6sungen zu finden, die auch auf l\u00e4ngere Sicht verstanden und akzeptiert werden. Dies setzt eine lebendige demokratische Auseinandersetzung und einen offenen gesellschaftlichen Diskurs voraus.<\/span><\/p>\n<p style=\"margin-bottom:0.0001pt; margin-left:0cm; margin-right:0cm; margin-top:0cm\">\u00a0<\/p>\n<p style=\"margin-bottom:0.0001pt; margin-left:0cm; margin-right:0cm; margin-top:0cm\"><span style=\"text-autospace:none\">Die Bereitschaft der Menschen zu solidarischem Handeln l\u00e4sst sich nicht verordnen. Solidarit\u00e4t kann aber durch offene, demokratische Debatten gest\u00e4rkt werden. Wenn Grund- und Freiheitsrechte des Einzelnen und das gesellschaftliche Leben eingeschr\u00e4nkt werden, muss dies nicht nur wissenschaftlich gut begr\u00fcndet werden; solche Ma\u00dfnahmen m\u00fcssen au\u00dferdem einsichtig, verh\u00e4ltnism\u00e4\u00dfig und demokratisch legitimiert sein. Und es muss weiterhin gew\u00e4hrleistet sein, dass all diejenigen, die aufgrund der Einschr\u00e4nkungen um ihre wirtschaftliche Existenz f\u00fcrchten, sich darauf verlassen k\u00f6nnen, dass der Staat sie unterst\u00fctzt.<\/span><\/p>\n<p style=\"margin-bottom:0.0001pt; margin-left:0cm; margin-right:0cm; margin-top:0cm\">\u00a0<\/p>\n<p style=\"margin-bottom:0.0001pt; margin-left:0cm; margin-right:0cm; margin-top:0cm\"><span style=\"text-autospace:none\">\u00c4ngste und Sorgen sind in dieser schwierigen Situation verst\u00e4ndlich, Kritik und Zweifel an getroffenen Entscheidungen k\u00f6nnen berechtigt sein. Niemand darf aber f\u00fcr sich in Anspruch nehmen, seine Freiheit auf Kosten anderer auszuleben. Wer mit Falschinformationen und Verschw\u00f6rungstheorien die Bereitschaft zur Solidarit\u00e4t untergr\u00e4bt, gef\u00e4hrdet unsere Demokratie und setzt die Gesundheit zahlreicher Menschen aufs Spiel.<\/span><\/p>\n<p style=\"margin-bottom:0.0001pt; margin-left:0cm; margin-right:0cm; margin-top:0cm\">\u00a0<\/p>\n<p style=\"margin-bottom:0.0001pt; margin-left:0cm; margin-right:0cm; margin-top:0cm\"><span style=\"text-autospace:none\">Als \u201eAllianz f\u00fcr Weltoffenheit\u201c rufen wir zu r\u00fccksichtsvollem, besonnenem Handeln und mehr Dialogbereitschaft auf. Als Teil eines breiten gesellschaftlichen B\u00fcndnisses wollen wir dazu beitragen. Wir engagieren uns f\u00fcr den offenen demokratischen Diskurs, Solidarit\u00e4t und gesellschaftlichen Zusammenhalt. Uns eint die \u00dcberzeugung, dass die eigene Freiheit sp\u00e4testens dort endet, wo die Gesundheit und das Leben anderer gef\u00e4hrdet wird.<\/span><\/p>\n<p style=\"margin-bottom:0.0001pt; margin-left:0cm; margin-right:0cm; margin-top:0cm\">\u00a0<\/p>\n<p style=\"margin-bottom:0.0001pt; margin-left:0cm; margin-right:0cm; margin-top:0cm\"><span style=\"text-autospace:none\">Deshalb appellieren wir als \u201eAllianz f\u00fcr Weltoffenheit\u201c an die Politik und unsere Mitb\u00fcrgerinnen und Mitb\u00fcrger:<\/span><\/p>\n<p style=\"margin-bottom:0.0001pt; margin-left:0cm; margin-right:0cm; margin-top:0cm\">\u00a0<\/p>\n<ul>\n<li style=\"margin: 0cm 0cm 0.0001pt 36pt;\"><span style=\"line-height:normal\"><span style=\"text-autospace:none\">Parlamente auf Bundes- und L\u00e4nderebene sind in unserer Demokratie die zentralen Orte politischer Debatten und Entscheidungen. Dies muss auch in Ausnahmesituationen gelten.<\/span><\/span><\/li>\n<li style=\"margin: 0cm 0cm 0.0001pt 36pt;\"><span style=\"line-height:normal\"><span style=\"text-autospace:none\">Die Politik muss Ma\u00dfnahmen, mit denen Grund- und Freiheitsrechte vor\u00fcbergehend eingeschr\u00e4nkt werden, gut begr\u00fcnden und erkl\u00e4ren. Dazu z\u00e4hlt auch, dass sie auf die Nachvollziehbarkeit der Ma\u00dfnahmen achtet und mit allen Teilen der Gesellschaft aktiv das Gespr\u00e4ch sucht.<\/span><\/span><\/li>\n<li style=\"margin: 0cm 0cm 6pt 36pt;\"><span style=\"line-height:normal\"><span>Politik und Gesellschaft sind gemeinsam gefordert, neue R\u00e4ume f\u00fcr die Debatte, f\u00fcr Kritik und konstruktive Vorschl\u00e4ge zu er\u00f6ffnen. Wir alle stehen in der Verantwortung, Menschenleben zu sch\u00fctzen und jenen beizustehen, die unter der Pandemie besonders leiden.<\/span><\/span><\/li>\n<\/ul>\n<p style=\"margin-bottom:0.0001pt; margin-left:0cm; margin-right:0cm; margin-top:0cm\"><span style=\"text-autospace:none\">Gemeinsam wird es den Menschen in unserem Land gelingen, die Ausbreitung des Virus einzud\u00e4mmen und die Folgen der Krise mit Solidarit\u00e4t aufzufangen.\u201c<\/span><\/p>\n<p style=\"margin-bottom:0.0001pt; margin-left:0cm; margin-right:0cm; margin-top:0cm\">\u00a0<\/p>\n<p style=\"margin-bottom:0.0001pt; margin-left:0cm; margin-right:0cm; margin-top:0cm\"><strong>Informationen zur Allianz: <\/strong>Zu dem breiten gesellschaftlichen B\u00fcndnis, das im Februar 2016 ins Leben gerufen wurde, geh\u00f6ren die Bundesvereinigung der Deutschen Arbeitgeberverb\u00e4nde, die Deutsche Bischofskonferenz, der Rat der Evangelischen Kirche in Deutschland, der Deutsche Gewerkschaftsbund, der Zentralrat der Juden in Deutschland, der Deutsche Kulturrat, der Koordinationsrat der Muslime, der Deutsche Naturschutzring sowie der Deutsche Olympische Sportbund.<\/p>\n<p class=\"EKDFlietext\" style=\"margin-bottom:0.0001pt; margin-left:0cm; margin-right:0cm; margin-top:0cm\">\u00a0<\/p>\n<p class=\"EKDFlietext\" style=\"margin-bottom:0.0001pt; margin-left:0cm; margin-right:0cm; margin-top:0cm\">Hannover, 16. November 2020<\/p>\n<p class=\"EKDFlietext\" style=\"margin-bottom:0.0001pt; margin-left:0cm; margin-right:0cm; margin-top:0cm\">\u00a0<\/p>\n<p class=\"EKDFlietext\" style=\"margin-bottom:0.0001pt; margin-left:0cm; margin-right:0cm; margin-top:0cm\">Pressestelle der EKD<\/p>\n<p class=\"EKDFlietext\" style=\"margin-bottom:0.0001pt; margin-left:0cm; margin-right:0cm; margin-top:0cm\">Annika Lukas<\/p>\n<\/div>\n","protected":false},"excerpt":{"rendered":"<p>16.11.2020Pressemitteilung Die \u201eAllianz f\u00fcr Weltoffenheit, Solidarit\u00e4t, Demokratie und Rechtsstaat \u2013 gegen Intoleranz, Menschenfeindlichkeit und Gewalt\u201c hat in einem gemeinsamen Aufruf<\/p>\n","protected":false},"author":1,"featured_media":569,"comment_status":"closed","ping_status":"closed","sticky":false,"template":"","format":"standard","meta":{"footnotes":""},"categories":[20],"tags":[],"_links":{"self":[{"href":"https:\/\/krankenhauspfarramt.de\/index.php\/wp-json\/wp\/v2\/posts\/2478"}],"collection":[{"href":"https:\/\/krankenhauspfarramt.de\/index.php\/wp-json\/wp\/v2\/posts"}],"about":[{"href":"https:\/\/krankenhauspfarramt.de\/index.php\/wp-json\/wp\/v2\/types\/post"}],"author":[{"embeddable":true,"href":"https:\/\/krankenhauspfarramt.de\/index.php\/wp-json\/wp\/v2\/users\/1"}],"replies":[{"embeddable":true,"href":"https:\/\/krankenhauspfarramt.de\/index.php\/wp-json\/wp\/v2\/comments?post=2478"}],"version-history":[{"count":1,"href":"https:\/\/krankenhauspfarramt.de\/index.php\/wp-json\/wp\/v2\/posts\/2478\/revisions"}],"predecessor-version":[{"id":2479,"href":"https:\/\/krankenhauspfarramt.de\/index.php\/wp-json\/wp\/v2\/posts\/2478\/revisions\/2479"}],"wp:featuredmedia":[{"embeddable":true,"href":"https:\/\/krankenhauspfarramt.de\/index.php\/wp-json\/wp\/v2\/media\/569"}],"wp:attachment":[{"href":"https:\/\/krankenhauspfarramt.de\/index.php\/wp-json\/wp\/v2\/media?parent=2478"}],"wp:term":[{"taxonomy":"category","embeddable":true,"href":"https:\/\/krankenhauspfarramt.de\/index.php\/wp-json\/wp\/v2\/categories?post=2478"},{"taxonomy":"post_tag","embeddable":true,"href":"https:\/\/krankenhauspfarramt.de\/index.php\/wp-json\/wp\/v2\/tags?post=2478"}],"curies":[{"name":"wp","href":"https:\/\/api.w.org\/{rel}","templated":true}]}}