{"id":2491,"date":"2020-11-18T14:44:15","date_gmt":"2020-11-18T14:44:15","guid":{"rendered":"https:\/\/krankenhauspfarramt.de\/index.php\/2020\/11\/18\/corona-wirkt-sich-auch-auf-trauerarbeit-aus-ekd\/"},"modified":"2020-11-18T14:44:17","modified_gmt":"2020-11-18T14:44:17","slug":"corona-wirkt-sich-auch-auf-trauerarbeit-aus-ekd","status":"publish","type":"post","link":"https:\/\/krankenhauspfarramt.de\/index.php\/2020\/11\/18\/corona-wirkt-sich-auch-auf-trauerarbeit-aus-ekd\/","title":{"rendered":"Corona wirkt sich auch auf Trauerarbeit aus \u2013 EKD"},"content":{"rendered":"<p> <br \/>\n<\/p>\n<div>\n<p>Kontaktbeschr\u00e4nkungen in der Corona-Pandemie machten auch Begegnungen im Alltag noch schwieriger, erl\u00e4uterte die fr\u00fchere Hospizleiterin. \u201eAlle Menschen sind verunsichert. Vielen f\u00e4llt es ja ohnehin schwer, auf Trauernde zuzugehen.\u201c\u00a0Auch Gottesdienste, in denen noch mal auf Tod und Sterben hingewiesen wird, k\u00f6nnten nicht wie \u00fcblich stattfinden. Am Ewigkeitssonntag (22. November) werden in den Gemeinden die Namen der Verstorbenen des letzten Jahres verlesen. \u201eWenn die Menschen dann nicht mehr kommen, sich vielleicht nicht trauen, in einen Gottesdienst zu gehen, dann geht dieser gemeinschaftsstiftende Gedanke verloren.\u201c<\/p>\n<p>Wegner begr\u00fc\u00dfte, dass unter anderem die Bisch\u00f6fe Ralf Meister (Evangelische Landeskirche Hannovers) und Heiner Wilmer (Bistum Hildesheim) am Ewigkeitssonntag besonders der Corona-Toten gedenken wollen. \u201eEs ist ein sch\u00f6ner Gedanke, die Angeh\u00f6rigen und die Verstorben in ein Gebet einzuschlie\u00dfen und noch einmal zu bedenken, wie schwer vielleicht ihr letzter Weg war. Das kann hilfreich sein.\u201c<\/p>\n<p>Auch dass Angeh\u00f6rige durch Besuchsbeschr\u00e4nkungen in Pflegeheimen oder Krankenh\u00e4usern Sterbende teils nicht wie gew\u00fcnscht begleiten konnten, wird nach Wegners Ansicht Auswirkungen haben. \u201eIn den n\u00e4chsten Wochen und Monaten wird es die Ehrenamtlichen in der Trauerbegleitung besch\u00e4ftigen, dass Menschen auch davon berichten, dass sie von ihren Angeh\u00f6rigen nicht Abschied nehmen konnten und auch dadurch in einen erschwerten Trauerprozess kommen.\u201c<\/p>\n<p>(epd: Karen Miether)<\/p>\n<hr\/>\n<p>www.hospiz-palliativ-nds.de<\/p>\n<p><em>Landesst\u00fctzpunkt Hospizarbeit und Palliativversorgung Niedersachsen<br \/>Gesch\u00e4ftsstelle<br \/>Fritzenwiese 117<br \/>29221 Celle<\/em><\/p>\n<\/p><\/div>\n","protected":false},"excerpt":{"rendered":"<p>Kontaktbeschr\u00e4nkungen in der Corona-Pandemie machten auch Begegnungen im Alltag noch schwieriger, erl\u00e4uterte die fr\u00fchere Hospizleiterin. \u201eAlle Menschen sind verunsichert. Vielen<\/p>\n","protected":false},"author":1,"featured_media":2492,"comment_status":"closed","ping_status":"closed","sticky":false,"template":"","format":"standard","meta":{"footnotes":""},"categories":[20],"tags":[],"_links":{"self":[{"href":"https:\/\/krankenhauspfarramt.de\/index.php\/wp-json\/wp\/v2\/posts\/2491"}],"collection":[{"href":"https:\/\/krankenhauspfarramt.de\/index.php\/wp-json\/wp\/v2\/posts"}],"about":[{"href":"https:\/\/krankenhauspfarramt.de\/index.php\/wp-json\/wp\/v2\/types\/post"}],"author":[{"embeddable":true,"href":"https:\/\/krankenhauspfarramt.de\/index.php\/wp-json\/wp\/v2\/users\/1"}],"replies":[{"embeddable":true,"href":"https:\/\/krankenhauspfarramt.de\/index.php\/wp-json\/wp\/v2\/comments?post=2491"}],"version-history":[{"count":1,"href":"https:\/\/krankenhauspfarramt.de\/index.php\/wp-json\/wp\/v2\/posts\/2491\/revisions"}],"predecessor-version":[{"id":2493,"href":"https:\/\/krankenhauspfarramt.de\/index.php\/wp-json\/wp\/v2\/posts\/2491\/revisions\/2493"}],"wp:featuredmedia":[{"embeddable":true,"href":"https:\/\/krankenhauspfarramt.de\/index.php\/wp-json\/wp\/v2\/media\/2492"}],"wp:attachment":[{"href":"https:\/\/krankenhauspfarramt.de\/index.php\/wp-json\/wp\/v2\/media?parent=2491"}],"wp:term":[{"taxonomy":"category","embeddable":true,"href":"https:\/\/krankenhauspfarramt.de\/index.php\/wp-json\/wp\/v2\/categories?post=2491"},{"taxonomy":"post_tag","embeddable":true,"href":"https:\/\/krankenhauspfarramt.de\/index.php\/wp-json\/wp\/v2\/tags?post=2491"}],"curies":[{"name":"wp","href":"https:\/\/api.w.org\/{rel}","templated":true}]}}