{"id":2496,"date":"2020-11-19T10:51:39","date_gmt":"2020-11-19T10:51:39","guid":{"rendered":"https:\/\/krankenhauspfarramt.de\/index.php\/2020\/11\/19\/jens-spahn-beim-politischen-buss-und-bettag-der-ekd-ekd\/"},"modified":"2020-11-19T10:51:41","modified_gmt":"2020-11-19T10:51:41","slug":"jens-spahn-beim-politischen-buss-und-bettag-der-ekd-ekd","status":"publish","type":"post","link":"https:\/\/krankenhauspfarramt.de\/index.php\/2020\/11\/19\/jens-spahn-beim-politischen-buss-und-bettag-der-ekd-ekd\/","title":{"rendered":"Jens Spahn beim politischen Bu\u00df- und Bettag der EKD \u2013 EKD"},"content":{"rendered":"<p> <br \/>\n<\/p>\n<div>\n<p>Dutzmann sagte in seiner Predigt, die Corona-Pandemie habe die neu Menschen erkennen lassen, dass sie sterblich und zerbrechlich seien, \u201eein Luftzug nur\u201c. Mit Blick auf das Zitat von Spahn sagte er, man wisse heute, dass es voreilig und unbedacht gewesen sei, wochenlang Schulen und Kindertagesst\u00e4tten zu schlie\u00dfen. Sicher sei es auch nicht richtig gewesen, alte und sterbende Menschen von sozialen Kontakten abzuschneiden. \u201eInsofern sind es wohl besonders die Kinder und die Alten, die um Vergebung gebeten werden m\u00fcssten\u201c, sagte der Theologe.<\/p>\n<p>Gleichzeitig betonte Dutzmann, es sei eine Dilemmasituation gewesen. Zu Beginn der Pandemie sei nicht klar gewesen, wie sich das Coronavirus verbreite und wie wirksamer Gesundheits- und Lebensschutz aussehen m\u00fcsse. So h\u00e4tten politisch Verantwortliche und B\u00fcrger Schuld auf sich geladen, obwohl sie es nicht gewollt h\u00e4tten.<\/p>\n<\/p><\/div>\n","protected":false},"excerpt":{"rendered":"<p>Dutzmann sagte in seiner Predigt, die Corona-Pandemie habe die neu Menschen erkennen lassen, dass sie sterblich und zerbrechlich seien, \u201eein<\/p>\n","protected":false},"author":1,"featured_media":2497,"comment_status":"closed","ping_status":"closed","sticky":false,"template":"","format":"standard","meta":{"footnotes":""},"categories":[20],"tags":[],"_links":{"self":[{"href":"https:\/\/krankenhauspfarramt.de\/index.php\/wp-json\/wp\/v2\/posts\/2496"}],"collection":[{"href":"https:\/\/krankenhauspfarramt.de\/index.php\/wp-json\/wp\/v2\/posts"}],"about":[{"href":"https:\/\/krankenhauspfarramt.de\/index.php\/wp-json\/wp\/v2\/types\/post"}],"author":[{"embeddable":true,"href":"https:\/\/krankenhauspfarramt.de\/index.php\/wp-json\/wp\/v2\/users\/1"}],"replies":[{"embeddable":true,"href":"https:\/\/krankenhauspfarramt.de\/index.php\/wp-json\/wp\/v2\/comments?post=2496"}],"version-history":[{"count":1,"href":"https:\/\/krankenhauspfarramt.de\/index.php\/wp-json\/wp\/v2\/posts\/2496\/revisions"}],"predecessor-version":[{"id":2498,"href":"https:\/\/krankenhauspfarramt.de\/index.php\/wp-json\/wp\/v2\/posts\/2496\/revisions\/2498"}],"wp:featuredmedia":[{"embeddable":true,"href":"https:\/\/krankenhauspfarramt.de\/index.php\/wp-json\/wp\/v2\/media\/2497"}],"wp:attachment":[{"href":"https:\/\/krankenhauspfarramt.de\/index.php\/wp-json\/wp\/v2\/media?parent=2496"}],"wp:term":[{"taxonomy":"category","embeddable":true,"href":"https:\/\/krankenhauspfarramt.de\/index.php\/wp-json\/wp\/v2\/categories?post=2496"},{"taxonomy":"post_tag","embeddable":true,"href":"https:\/\/krankenhauspfarramt.de\/index.php\/wp-json\/wp\/v2\/tags?post=2496"}],"curies":[{"name":"wp","href":"https:\/\/api.w.org\/{rel}","templated":true}]}}