{"id":2528,"date":"2020-11-23T13:44:36","date_gmt":"2020-11-23T13:44:36","guid":{"rendered":"https:\/\/krankenhauspfarramt.de\/index.php\/2020\/11\/23\/kirchen-gedenken-im-gottesdienst-der-corona-verstorbenen-ekd\/"},"modified":"2020-11-23T13:44:38","modified_gmt":"2020-11-23T13:44:38","slug":"kirchen-gedenken-im-gottesdienst-der-corona-verstorbenen-ekd","status":"publish","type":"post","link":"https:\/\/krankenhauspfarramt.de\/index.php\/2020\/11\/23\/kirchen-gedenken-im-gottesdienst-der-corona-verstorbenen-ekd\/","title":{"rendered":"Kirchen gedenken im Gottesdienst der Corona-Verstorbenen \u2013 EKD"},"content":{"rendered":"<p> <br \/>\n<\/p>\n<div>\n<p>Niedersachsens Ministerpr\u00e4sident Stephan Weil sagte in einem Gru\u00dfwort: \u201eDie Pandemie belastet uns alle ganz pers\u00f6nlich.\u201c\u00a0Der SPD-Politiker f\u00fchrte aus: \u201eIn der Sorge um die Gesundheit von uns und unseren N\u00e4chsten, in der Sorge um den Arbeitsplatz und die Existenz, in der Sorge, wie es wohl weitergehen mag.\u201c\u00a0Doch Impfschutz, Schnelltests, und bessere Medikamente seien echte Perspektiven f\u00fcr die n\u00e4chsten Monate.<\/p>\n<p>Weil w\u00fcrdigte die Solidarit\u00e4t der Menschen in Deutschland. Er sei zugleich dankbar f\u00fcr einen Staat, der sich f\u00fcr den Schutz seiner B\u00fcrger verantwortlich f\u00fchle. Den Kritikern der Corona-Ma\u00dfnahmen hielt er entgegen: \u201eSie liegen ganz falsch und Sie sind nur eine vergleichsweise kleine Minderheit.\u201c\u00a0<\/p>\n<p>In dem Gottesdienst, der auch im Internet \u00fcbertragen wurde, wurden zum Gedenken an die Verstorbenen Kerzen entz\u00fcndet. \u201eWir beten in dieser Stunde f\u00fcr die Menschen, die wegen der Pandemie gestorben sind\u201c, sagte der katholische Hildesheimer Bischof Wilmer. In den Dom waren stellvertretend f\u00fcr viele Engagierte wegen der Abstandsregeln nur wenige G\u00e4ste eingeladen. Sie st\u00fcnden f\u00fcr \u00c4rztinnen und \u00c4rzte, Pflegekr\u00e4fte, Erzieher und Lehrerinnen und all diejenigen, die sich f\u00fcr andere einsetzten, sagte Wilmer. \u201eWir erleben, dass wir durch den gro\u00dfartigen Einsatz so vieler unserer Mitmenschen schon jetzt Morgenlicht sehen in einer Zeit, die Angst macht und dunkel erscheint.\u201c<\/p>\n<p>Vor dem Gottesdienst hatten Meister und Wilmer die Menschen dazu aufgerufen, auch bei sich zu Hause Kerzen anzuz\u00fcnden und Fotos davon unter dem Hashtag #NiemandBleibtAllein in sozialen Netzwerken zu teilen.<\/p>\n<p>www.bistum-hildesheim.de<br \/>www.landeskirche-hannovers.de<\/p>\n<\/p><\/div>\n","protected":false},"excerpt":{"rendered":"<p>Niedersachsens Ministerpr\u00e4sident Stephan Weil sagte in einem Gru\u00dfwort: \u201eDie Pandemie belastet uns alle ganz pers\u00f6nlich.\u201c\u00a0Der SPD-Politiker f\u00fchrte aus: \u201eIn der<\/p>\n","protected":false},"author":1,"featured_media":2529,"comment_status":"closed","ping_status":"closed","sticky":false,"template":"","format":"standard","meta":{"footnotes":""},"categories":[20],"tags":[],"_links":{"self":[{"href":"https:\/\/krankenhauspfarramt.de\/index.php\/wp-json\/wp\/v2\/posts\/2528"}],"collection":[{"href":"https:\/\/krankenhauspfarramt.de\/index.php\/wp-json\/wp\/v2\/posts"}],"about":[{"href":"https:\/\/krankenhauspfarramt.de\/index.php\/wp-json\/wp\/v2\/types\/post"}],"author":[{"embeddable":true,"href":"https:\/\/krankenhauspfarramt.de\/index.php\/wp-json\/wp\/v2\/users\/1"}],"replies":[{"embeddable":true,"href":"https:\/\/krankenhauspfarramt.de\/index.php\/wp-json\/wp\/v2\/comments?post=2528"}],"version-history":[{"count":1,"href":"https:\/\/krankenhauspfarramt.de\/index.php\/wp-json\/wp\/v2\/posts\/2528\/revisions"}],"predecessor-version":[{"id":2530,"href":"https:\/\/krankenhauspfarramt.de\/index.php\/wp-json\/wp\/v2\/posts\/2528\/revisions\/2530"}],"wp:featuredmedia":[{"embeddable":true,"href":"https:\/\/krankenhauspfarramt.de\/index.php\/wp-json\/wp\/v2\/media\/2529"}],"wp:attachment":[{"href":"https:\/\/krankenhauspfarramt.de\/index.php\/wp-json\/wp\/v2\/media?parent=2528"}],"wp:term":[{"taxonomy":"category","embeddable":true,"href":"https:\/\/krankenhauspfarramt.de\/index.php\/wp-json\/wp\/v2\/categories?post=2528"},{"taxonomy":"post_tag","embeddable":true,"href":"https:\/\/krankenhauspfarramt.de\/index.php\/wp-json\/wp\/v2\/tags?post=2528"}],"curies":[{"name":"wp","href":"https:\/\/api.w.org\/{rel}","templated":true}]}}