{"id":2567,"date":"2020-11-30T20:56:31","date_gmt":"2020-11-30T20:56:31","guid":{"rendered":"https:\/\/krankenhauspfarramt.de\/index.php\/2020\/11\/30\/weihnachten-verantwortungsvoll-feiern-ekd\/"},"modified":"2020-11-30T20:56:33","modified_gmt":"2020-11-30T20:56:33","slug":"weihnachten-verantwortungsvoll-feiern-ekd","status":"publish","type":"post","link":"https:\/\/krankenhauspfarramt.de\/index.php\/2020\/11\/30\/weihnachten-verantwortungsvoll-feiern-ekd\/","title":{"rendered":"Weihnachten verantwortungsvoll feiern \u2013 EKD"},"content":{"rendered":"<p> <br \/>\n<\/p>\n<div>\n<p>Die Religionsgemeinschaften tr\u00fcgen die Ma\u00dfnahmen zur Eind\u00e4mmung der Corona-Infektionen weiterhin breit mit und zeigten Verst\u00e4ndnis daf\u00fcr, dass Gro\u00dfveranstaltungen vermieden werden m\u00fcssten, erkl\u00e4rte das Bundesinnenministerium. Kerber dankte daf\u00fcr, dass die Religionsgemeinschaften ihre seelsorgerische und pastorale Verantwortung unter schwierigen Bedingungen wahrn\u00e4hmen. \u201eDie Politik sieht, dass in dieser schwierigen Zeit, die in die dunkle H\u00e4lfte des Jahres f\u00e4llt, Menschen nach Geborgenheit suchen\u201c, sagte er. \u201eDie Rolle der Religionsgemeinschaften &#8211; an Chanukka, an Weihnachten &#8211; f\u00fcr den gesellschaftlichen Zusammenhalt ist dabei sehr wichtig.\u201c<\/p>\n<p>Vonseiten der Religionsgemeinschaften nahmen an dem Gespr\u00e4ch teil: Martin Dutzmann, Bevollm\u00e4chtigter des Rates der Evangelischen Kirche in Deutschland (EKD), Karl J\u00fcsten, Leiter des Katholischen B\u00fcros Berlin, Daniel Botmann, Gesch\u00e4ftsf\u00fchrer des Zentralrats der Juden in Deutschland, Bischof Emmanuel von Christoupolis, Beauftragter der Orthodoxen Bischofskonferenz in Deutschland bei der Bundesregierung, Verena Hammes, Gesch\u00e4ftsf\u00fchrerin der Arbeitsgemeinschaft Christlicher Kirchen in Deutschland, sowie Konstantin von Abendroth, Beauftragter der Vereinigung Evangelischer Freikirchen am Sitz der Bundesregierung.<\/p>\n<p>Bundeskanzlerin Angela Merkel (CDU) und die Ministerpr\u00e4sidenten der Bundesl\u00e4nder hatten am Mittwoch vereinbart, die geltenden Beschr\u00e4nkungen des \u00f6ffentlichen und privaten Lebens bis mindestens 20. Dezember zu verl\u00e4ngern und dabei nochmals zu versch\u00e4rfen. \u00dcber die Weihnachtstage sollen aber dann Lockerungen das Feiern im Kreis der Familie m\u00f6glich machen.<\/p>\n<\/p><\/div>\n","protected":false},"excerpt":{"rendered":"<p>Die Religionsgemeinschaften tr\u00fcgen die Ma\u00dfnahmen zur Eind\u00e4mmung der Corona-Infektionen weiterhin breit mit und zeigten Verst\u00e4ndnis daf\u00fcr, dass Gro\u00dfveranstaltungen vermieden werden<\/p>\n","protected":false},"author":1,"featured_media":2233,"comment_status":"closed","ping_status":"closed","sticky":false,"template":"","format":"standard","meta":{"footnotes":""},"categories":[20],"tags":[],"_links":{"self":[{"href":"https:\/\/krankenhauspfarramt.de\/index.php\/wp-json\/wp\/v2\/posts\/2567"}],"collection":[{"href":"https:\/\/krankenhauspfarramt.de\/index.php\/wp-json\/wp\/v2\/posts"}],"about":[{"href":"https:\/\/krankenhauspfarramt.de\/index.php\/wp-json\/wp\/v2\/types\/post"}],"author":[{"embeddable":true,"href":"https:\/\/krankenhauspfarramt.de\/index.php\/wp-json\/wp\/v2\/users\/1"}],"replies":[{"embeddable":true,"href":"https:\/\/krankenhauspfarramt.de\/index.php\/wp-json\/wp\/v2\/comments?post=2567"}],"version-history":[{"count":1,"href":"https:\/\/krankenhauspfarramt.de\/index.php\/wp-json\/wp\/v2\/posts\/2567\/revisions"}],"predecessor-version":[{"id":2568,"href":"https:\/\/krankenhauspfarramt.de\/index.php\/wp-json\/wp\/v2\/posts\/2567\/revisions\/2568"}],"wp:featuredmedia":[{"embeddable":true,"href":"https:\/\/krankenhauspfarramt.de\/index.php\/wp-json\/wp\/v2\/media\/2233"}],"wp:attachment":[{"href":"https:\/\/krankenhauspfarramt.de\/index.php\/wp-json\/wp\/v2\/media?parent=2567"}],"wp:term":[{"taxonomy":"category","embeddable":true,"href":"https:\/\/krankenhauspfarramt.de\/index.php\/wp-json\/wp\/v2\/categories?post=2567"},{"taxonomy":"post_tag","embeddable":true,"href":"https:\/\/krankenhauspfarramt.de\/index.php\/wp-json\/wp\/v2\/tags?post=2567"}],"curies":[{"name":"wp","href":"https:\/\/api.w.org\/{rel}","templated":true}]}}