{"id":2574,"date":"2020-12-02T01:46:10","date_gmt":"2020-12-02T01:46:10","guid":{"rendered":"https:\/\/krankenhauspfarramt.de\/index.php\/2020\/12\/02\/verlaengerung-stiftung-anerkennung-und-hilfe-ekd\/"},"modified":"2020-12-02T01:46:12","modified_gmt":"2020-12-02T01:46:12","slug":"verlaengerung-stiftung-anerkennung-und-hilfe-ekd","status":"publish","type":"post","link":"https:\/\/krankenhauspfarramt.de\/index.php\/2020\/12\/02\/verlaengerung-stiftung-anerkennung-und-hilfe-ekd\/","title":{"rendered":"Verl\u00e4ngerung Stiftung \u201eAnerkennung und Hilfe\u201c \u2013 EKD"},"content":{"rendered":"<p> <br \/>\n<\/p>\n<div id=\"\">\n<p>Bremen (epd). Kinder und Jugendliche, die nach dem Krieg in psychiatrischen Einrichtungen und in der Behindertenhilfe Misshandlungen ausgesetzt waren, k\u00f6nnen bis Ende Juni 2021 Antr\u00e4ge auf Unterst\u00fctzungsleistungen stellen. Die urspr\u00fcnglich Ende 2019 abgelaufene und zun\u00e4chst bis Ende 2020 verl\u00e4ngerte Frist soll nun ein letztes Mal verl\u00e4ngert werden. Die Voraussetzungen daf\u00fcr werden nach Angaben der Bremer Sozialbeh\u00f6rde gerade geschaffen.<\/p>\n<p>Die Zahlungen \u00fcbernimmt die Stiftung \u201eAnerkennung und Hilfe\u201c. Sie war 2017 von der Bundesregierung, allen L\u00e4ndern sowie der evangelischen und katholischen Kirche errichtet worden, um behinderte und psychisch kranke Heimkinder zu entsch\u00e4digen. Konkret geht es um Betroffene, die zwischen 1949 und 1975 in der Bundesrepublik und bis 1990 in der DDR in Behinderteneinrichtungen oder der Psychiatrie waren.<\/p>\n<\/div>\n<div id=\"\"><!-- SRC:  --><\/p>\n<aside class=\"article--aside quintus teaser teaser__related rs_skip rs_preserve\">\n<div class=\"teaser--article teaser--content\">\n<figure class=\"teaser--image\"><picture><source media=\"(max-width:935px)\" srcset=\"https:\/\/ekd.de\/ekd_de\/ds_img\/assets_2835_x\/20180322_Lena_Gerlach_Pressemitteilungen-EKD_2835_rdax_945x532.jpg 1x, https:\/\/ekd.de\/ekd_de\/ds_img\/assets_2835_x\/20180322_Lena_Gerlach_Pressemitteilungen-EKD_2835_rdax_1890x1064.jpg 2x, https:\/\/ekd.de\/ekd_de\/ds_img\/assets_2835_x\/20180322_Lena_Gerlach_Pressemitteilungen-EKD_2835.jpg 3x\"><source media=\"(min-width:934px)\" srcset=\"https:\/\/ekd.de\/ekd_de\/ds_img\/assets_2835_x\/20180322_Lena_Gerlach_Pressemitteilungen-EKD_2835_rdax_945x532.jpg 1x, https:\/\/ekd.de\/ekd_de\/ds_img\/assets_2835_x\/20180322_Lena_Gerlach_Pressemitteilungen-EKD_2835_rdax_1890x1064.jpg 2x, https:\/\/ekd.de\/ekd_de\/ds_img\/assets_2835_x\/20180322_Lena_Gerlach_Pressemitteilungen-EKD_2835.jpg 3x\"><\/source><\/source><\/picture><figcaption\/><\/figure>\n<p class=\"quintus--text teaser--text\">Bund, L\u00e4nder und Kirchen als Errichter der Stiftung Anerkennung und Hilfe haben sich heute in einer gemeinsamen Sitzung darauf verst\u00e4ndigt, ihren Gremien zu empfehlen.<\/p>\n<\/p><\/div>\n<\/aside>\n<div class=\"article--content\">\n<p>Sie k\u00f6nnen eine pauschale Entsch\u00e4digung in H\u00f6he von 9.000 Euro sowie Rentenersatzleistungen bis zu 5.000 Euro erhalten. Wie aus einer Antwort des Bundessozialministeriums auf eine Anfrage der Gr\u00fcnen-Abgeordneten Corinna R\u00fcffer aus dem September hervorgeht, haben sich bis Ende Juli dieses Jahres rund 25.000 Menschen bei der Stiftung gemeldet, um Leistungen zu erhalten. Der Kreis der Berechtigten wird auf bis zu 256.000 Menschen gesch\u00e4tzt.<\/p>\n<p>Infotelefon der Stiftung \u201eAnerkennung und Hilfe\u201c: 0800\/221-2218 (montags bis donnerstags von 8 bis 20 Uhr).<\/p>\n<\/p><\/div>\n<\/div>\n<div id=\"\">\n<div class=\"article--downloads download\">\n<figure class=\"image image__float\" style=\"z-index: 4; position: relative;\"><picture><source srcset=\"https:\/\/ekd.de\/ekd_de\/ds_img\/assets_789_x\/logo-stiftung-anerkennung-und-hilfe-500_rdax_263x148_60.jpg 1x, https:\/\/ekd.de\/ekd_de\/ds_img\/assets_789_x\/logo-stiftung-anerkennung-und-hilfe-500_rdax_60.jpg 2x, https:\/\/ekd.de\/ekd_de\/ds_img\/assets_789_x\/logo-stiftung-anerkennung-und-hilfe-500_rdax_60.jpg 3x\"><img decoding=\"async\" src=\"https:\/\/ekd.de\/ekd_de\/ds_img\/assets_789_x\/logo-stiftung-anerkennung-und-hilfe-500_rdax_263x148_60.jpg\" alt=\"Logo der Stiftung \u201eAnerkennung und Hilfe\u201c\" title=\"Logo der Stiftung \u201eAnerkennung und Hilfe\u201c\"\/><\/source><\/picture>\n<\/figure>\n<p>Weitere\u00a0Informationen erhalten Sie auf der Internetseite der\u00a0<strong>Stiftung \u201eAnerkennung und Hilfe\u201c<\/strong><\/p>\n<\/p><\/div>\n<\/div>\n","protected":false},"excerpt":{"rendered":"<p>Bremen (epd). Kinder und Jugendliche, die nach dem Krieg in psychiatrischen Einrichtungen und in der Behindertenhilfe Misshandlungen ausgesetzt waren, k\u00f6nnen<\/p>\n","protected":false},"author":1,"featured_media":2575,"comment_status":"closed","ping_status":"closed","sticky":false,"template":"","format":"standard","meta":{"footnotes":""},"categories":[20],"tags":[],"_links":{"self":[{"href":"https:\/\/krankenhauspfarramt.de\/index.php\/wp-json\/wp\/v2\/posts\/2574"}],"collection":[{"href":"https:\/\/krankenhauspfarramt.de\/index.php\/wp-json\/wp\/v2\/posts"}],"about":[{"href":"https:\/\/krankenhauspfarramt.de\/index.php\/wp-json\/wp\/v2\/types\/post"}],"author":[{"embeddable":true,"href":"https:\/\/krankenhauspfarramt.de\/index.php\/wp-json\/wp\/v2\/users\/1"}],"replies":[{"embeddable":true,"href":"https:\/\/krankenhauspfarramt.de\/index.php\/wp-json\/wp\/v2\/comments?post=2574"}],"version-history":[{"count":1,"href":"https:\/\/krankenhauspfarramt.de\/index.php\/wp-json\/wp\/v2\/posts\/2574\/revisions"}],"predecessor-version":[{"id":2576,"href":"https:\/\/krankenhauspfarramt.de\/index.php\/wp-json\/wp\/v2\/posts\/2574\/revisions\/2576"}],"wp:featuredmedia":[{"embeddable":true,"href":"https:\/\/krankenhauspfarramt.de\/index.php\/wp-json\/wp\/v2\/media\/2575"}],"wp:attachment":[{"href":"https:\/\/krankenhauspfarramt.de\/index.php\/wp-json\/wp\/v2\/media?parent=2574"}],"wp:term":[{"taxonomy":"category","embeddable":true,"href":"https:\/\/krankenhauspfarramt.de\/index.php\/wp-json\/wp\/v2\/categories?post=2574"},{"taxonomy":"post_tag","embeddable":true,"href":"https:\/\/krankenhauspfarramt.de\/index.php\/wp-json\/wp\/v2\/tags?post=2574"}],"curies":[{"name":"wp","href":"https:\/\/api.w.org\/{rel}","templated":true}]}}