{"id":2624,"date":"2020-12-10T13:26:21","date_gmt":"2020-12-10T13:26:21","guid":{"rendered":"https:\/\/krankenhauspfarramt.de\/index.php\/2020\/12\/10\/jan-menkhaus-neuer-ekd-agrarbeauftragter-ekd\/"},"modified":"2020-12-10T13:26:23","modified_gmt":"2020-12-10T13:26:23","slug":"jan-menkhaus-neuer-ekd-agrarbeauftragter-ekd","status":"publish","type":"post","link":"https:\/\/krankenhauspfarramt.de\/index.php\/2020\/12\/10\/jan-menkhaus-neuer-ekd-agrarbeauftragter-ekd\/","title":{"rendered":"Jan Menkhaus neuer EKD-Agrarbeauftragter \u2013 EKD"},"content":{"rendered":"<p> <br \/>\n<\/p>\n<div id=\"\">\n<div class=\"article--meta article--meta__border clearfix\">\n<p>                                    <time datetime=\"10.12.2020 12:00\" class=\"article--time\">10.12.2020<\/time><strong class=\"article--type primus--overline\">Pressemitteilung<\/strong><\/p>\n<picture class=\"article--source-image image\"><source srcset=\"https:\/\/ekd.de\/ekd_de\/ds_img\/assets\/20170622_ekd-Quellenlogo_141.png\"><!--<source srcset=\"\/ekd_de\/ds_img\/assets\/20170622_ekd-Quellenlogo_141_rdax_141x59.png 1x, \/ekd_de\/ds_img\/assets\/20170622_ekd-Quellenlogo_141_rdax_282x118.png 2x, https:\/\/ekd.de\/ekd_de\/ds_img\/assets\/20170622_ekd-Quellenlogo_141.png 3x\">--><\/source><\/picture>\n<\/p><\/div>\n<h2 class=\"article--sub-headline primus--sub-headline\">Rat der EKD beruft Experten aus der Nordkirche<\/h2>\n<\/p><\/div>\n<div id=\"\">\n<p style=\"margin-bottom:0.0001pt; margin-left:0cm; margin-right:0cm; margin-top:0cm\">Der Rat der Evangelischen Kirche in Deutschland (EKD) hat Jan Menkhaus zum neuen EKD-Agrarbeauftragten f\u00fcr die Dauer der laufenden Ratsperiode berufen. Der EKD-Ratsvorsitzende, Landesbischof Heinrich Bedford-Strohm, freut sich, dass Menkhaus dieses Amt \u00fcbernommen hat: \u201eAls promovierter Agrarwissenschaftler und ausgebildeter Landwirt verf\u00fcgt er einerseits \u00fcber ausgezeichnete Fachkenntnisse in diesem Bereich, gleichzeitig ist er als kirchlicher Mitarbeiter mit kirchlichen Strukturen vertraut.\u201c<\/p>\n<p style=\"margin-bottom:0.0001pt; margin-left:0cm; margin-right:0cm; margin-top:0cm\">\u00a0<\/p>\n<p style=\"margin-bottom:0.0001pt; margin-left:0cm; margin-right:0cm; margin-top:0cm\">Jan Menkhaus ist derzeit Wissenschaftlicher Referent f\u00fcr Landwirtschaft und Ern\u00e4hrung beim Kirchlichen Dienst in der Arbeitswelt (KDA) der Evangelisch-Lutherischen Kirche in Norddeutschland (Nordkirche). Das Amt des Agrarbeauftragten des Rates der EKD ist ein Ehrenamt.<\/p>\n<p style=\"margin-bottom:0.0001pt; margin-left:0cm; margin-right:0cm; margin-top:0cm\">\u00a0<\/p>\n<p class=\"EKDFlietext\" style=\"margin-bottom:0.0001pt; margin-left:0cm; margin-right:0cm; margin-top:0cm\">Zu den neuen Aufgaben von Menkhaus geh\u00f6ren Kontakte zum Bundesministerium f\u00fcr Ern\u00e4hrung und Landwirtschaft (BMEL), Kontakte und Gespr\u00e4che mit politischen und gesellschaftlichen Gruppierungen und Verb\u00e4nden auf Bundesebene und Arbeits- und Diskussionskontakte zu verschiedenen wissenschaftlichen Instituten im Agrarsektor. \u201eDie Landwirtschaft steht vor noch nie dagewesenen Herausforderungen. Seit \u00fcber einem Jahr gehen die Landwirt*innen regelm\u00e4\u00dfig auf die Stra\u00dfe, um auf Ihre Situation aufmerksam zu machen und f\u00fcr einen gesellschaftlichen Dialog zu werben. Es freut mich, dass ich nun f\u00fcr die EKD f\u00fcr genau diese Fragen ein Ansprechpartner sein kann.\u201c, sagt der EKD-Agrarbeauftragte.<\/p>\n<p class=\"EKDFlietext\" style=\"margin-bottom:0.0001pt; margin-left:0cm; margin-right:0cm; margin-top:0cm\">\u00a0<\/p>\n<p class=\"EKDFlietext\" style=\"margin-bottom:0.0001pt; margin-left:0cm; margin-right:0cm; margin-top:0cm\">Hannover, 10. Dezember 2020<\/p>\n<p class=\"EKDFlietext\" style=\"margin-bottom:0.0001pt; margin-left:0cm; margin-right:0cm; margin-top:0cm\">\u00a0<\/p>\n<p class=\"EKDFlietext\" style=\"margin-bottom:0.0001pt; margin-left:0cm; margin-right:0cm; margin-top:0cm\">Pressestelle der EKD<\/p>\n<p class=\"EKDFlietext\" style=\"margin-bottom:0.0001pt; margin-left:0cm; margin-right:0cm; margin-top:0cm\">Annika Lukas<\/p>\n<\/div>\n","protected":false},"excerpt":{"rendered":"<p>10.12.2020Pressemitteilung Rat der EKD beruft Experten aus der Nordkirche Der Rat der Evangelischen Kirche in Deutschland (EKD) hat Jan Menkhaus<\/p>\n","protected":false},"author":1,"featured_media":2625,"comment_status":"closed","ping_status":"closed","sticky":false,"template":"","format":"standard","meta":{"footnotes":""},"categories":[20],"tags":[],"_links":{"self":[{"href":"https:\/\/krankenhauspfarramt.de\/index.php\/wp-json\/wp\/v2\/posts\/2624"}],"collection":[{"href":"https:\/\/krankenhauspfarramt.de\/index.php\/wp-json\/wp\/v2\/posts"}],"about":[{"href":"https:\/\/krankenhauspfarramt.de\/index.php\/wp-json\/wp\/v2\/types\/post"}],"author":[{"embeddable":true,"href":"https:\/\/krankenhauspfarramt.de\/index.php\/wp-json\/wp\/v2\/users\/1"}],"replies":[{"embeddable":true,"href":"https:\/\/krankenhauspfarramt.de\/index.php\/wp-json\/wp\/v2\/comments?post=2624"}],"version-history":[{"count":1,"href":"https:\/\/krankenhauspfarramt.de\/index.php\/wp-json\/wp\/v2\/posts\/2624\/revisions"}],"predecessor-version":[{"id":2626,"href":"https:\/\/krankenhauspfarramt.de\/index.php\/wp-json\/wp\/v2\/posts\/2624\/revisions\/2626"}],"wp:featuredmedia":[{"embeddable":true,"href":"https:\/\/krankenhauspfarramt.de\/index.php\/wp-json\/wp\/v2\/media\/2625"}],"wp:attachment":[{"href":"https:\/\/krankenhauspfarramt.de\/index.php\/wp-json\/wp\/v2\/media?parent=2624"}],"wp:term":[{"taxonomy":"category","embeddable":true,"href":"https:\/\/krankenhauspfarramt.de\/index.php\/wp-json\/wp\/v2\/categories?post=2624"},{"taxonomy":"post_tag","embeddable":true,"href":"https:\/\/krankenhauspfarramt.de\/index.php\/wp-json\/wp\/v2\/tags?post=2624"}],"curies":[{"name":"wp","href":"https:\/\/api.w.org\/{rel}","templated":true}]}}