{"id":2630,"date":"2020-12-10T19:27:57","date_gmt":"2020-12-10T19:27:57","guid":{"rendered":"https:\/\/krankenhauspfarramt.de\/index.php\/2020\/12\/10\/neue-publikation-ein-ort-zum-leben-menschenrechte-und-wohnen-erschienen-ekd\/"},"modified":"2020-12-10T19:27:59","modified_gmt":"2020-12-10T19:27:59","slug":"neue-publikation-ein-ort-zum-leben-menschenrechte-und-wohnen-erschienen-ekd","status":"publish","type":"post","link":"https:\/\/krankenhauspfarramt.de\/index.php\/2020\/12\/10\/neue-publikation-ein-ort-zum-leben-menschenrechte-und-wohnen-erschienen-ekd\/","title":{"rendered":"Neue Publikation \u201eEin Ort zum Leben \u2013 Menschenrechte und Wohnen\u201c erschienen \u2013 EKD"},"content":{"rendered":"<p> <br \/>\n<\/p>\n<div id=\"\">\n<p style=\"margin-bottom:0.0001pt; margin-left:0cm; margin-right:0cm; margin-top:0cm\">Wohnen ist ein Menschenrecht. Doch zwei Milliarden Menschen weltweit haben keine angemessene Wohnung. Es fehlt an bezahlbarem Wohnraum. Auch in Deutschland steigen die Mieten und die Zahl der Wohnungslosen. Die neue Publikation der Evangelischen Kirche in Deutschland (EKD) unter dem Titel \u201eEin Ort zum Leben \u2013 Menschenrechte und Wohnen\u201c informiert in kurzen, leicht verst\u00e4ndlichen Texten \u00fcber verschiedene Aspekte des Themas Wohnen.<\/p>\n<p style=\"margin-bottom:0.0001pt; margin-left:0cm; margin-right:0cm; margin-top:0cm\">\u00a0<\/p>\n<p style=\"margin-bottom:0.0001pt; margin-left:0cm; margin-right:0cm; margin-top:0cm\">Das Heft beleuchtet zudem den Trend zum Leben in der Stadt und die vielf\u00e4ltigen Formen des Zusammenlebens ebenso wie h\u00e4usliche Gewalt und die \u00f6kologischen Auswirkungen des Wohnens. Knapp zusammengefasste Fakten und passende Bibelverse sowie ein Gebet und die Kurzvorstellung einiger Hilfsprojekte runden den \u00dcberblick ab.<\/p>\n<p style=\"margin-bottom:0.0001pt; margin-left:0cm; margin-right:0cm; margin-top:0cm\">\u00a0<\/p>\n<p style=\"margin-bottom:0.0001pt; margin-left:0cm; margin-right:0cm; margin-top:0cm\">Angesprochen sind Beratungsstellen, Sozialarbeiter, Diakonie, Pastorinnen und Pastoren und Kirchengemeinden sowie alle an den Themen Wohnen, Wohnungsnot und Wohnungslosigkeit Interessierten.<\/p>\n<p style=\"margin-bottom:0.0001pt; margin-left:0cm; margin-right:0cm; margin-top:0cm\">\u00a0<\/p>\n<p style=\"margin-bottom:0.0001pt; margin-left:0cm; margin-right:0cm; margin-top:0cm\">Die Schrift ist zum Download erh\u00e4ltlich unter <span lang=\"EN-US\">www.ekd.de\/MenschenrechteWohnen<\/span><span lang=\"EN-US\">.<\/span><\/p>\n<p style=\"margin-bottom:0.0001pt; margin-left:0cm; margin-right:0cm; margin-top:0cm\">\u00a0<\/p>\n<p style=\"margin-bottom:0.0001pt; margin-left:0cm; margin-right:0cm; margin-top:0cm\">Die Publikation ist kostenlos bestellbar \u00fcber versand@ekd.de. Der Versand der gedruckten Hefte erfolgt im Januar.<\/p>\n<p style=\"margin-bottom:0.0001pt; margin-left:0cm; margin-right:0cm; margin-top:0cm\">\u00a0<\/p>\n<p style=\"margin-bottom:0.0001pt; margin-left:0cm; margin-right:0cm; margin-top:0cm\">\u00a0<\/p>\n<p class=\"EKDFlietext\" style=\"margin-bottom:0.0001pt; margin-left:0cm; margin-right:0cm; margin-top:0cm\">Hannover, 10. Dezember 2020<\/p>\n<p class=\"EKDFlietext\" style=\"margin-bottom:0.0001pt; margin-left:0cm; margin-right:0cm; margin-top:0cm\">\u00a0<\/p>\n<p class=\"EKDFlietext\" style=\"margin-bottom:0.0001pt; margin-left:0cm; margin-right:0cm; margin-top:0cm\">\u00a0<\/p>\n<p class=\"EKDFlietext\" style=\"margin-bottom:0.0001pt; margin-left:0cm; margin-right:0cm; margin-top:0cm\">Pressestelle der EKD<\/p>\n<\/div>\n","protected":false},"excerpt":{"rendered":"<p>Wohnen ist ein Menschenrecht. Doch zwei Milliarden Menschen weltweit haben keine angemessene Wohnung. Es fehlt an bezahlbarem Wohnraum. Auch in<\/p>\n","protected":false},"author":1,"featured_media":2631,"comment_status":"closed","ping_status":"closed","sticky":false,"template":"","format":"standard","meta":{"footnotes":""},"categories":[20],"tags":[],"_links":{"self":[{"href":"https:\/\/krankenhauspfarramt.de\/index.php\/wp-json\/wp\/v2\/posts\/2630"}],"collection":[{"href":"https:\/\/krankenhauspfarramt.de\/index.php\/wp-json\/wp\/v2\/posts"}],"about":[{"href":"https:\/\/krankenhauspfarramt.de\/index.php\/wp-json\/wp\/v2\/types\/post"}],"author":[{"embeddable":true,"href":"https:\/\/krankenhauspfarramt.de\/index.php\/wp-json\/wp\/v2\/users\/1"}],"replies":[{"embeddable":true,"href":"https:\/\/krankenhauspfarramt.de\/index.php\/wp-json\/wp\/v2\/comments?post=2630"}],"version-history":[{"count":1,"href":"https:\/\/krankenhauspfarramt.de\/index.php\/wp-json\/wp\/v2\/posts\/2630\/revisions"}],"predecessor-version":[{"id":2632,"href":"https:\/\/krankenhauspfarramt.de\/index.php\/wp-json\/wp\/v2\/posts\/2630\/revisions\/2632"}],"wp:featuredmedia":[{"embeddable":true,"href":"https:\/\/krankenhauspfarramt.de\/index.php\/wp-json\/wp\/v2\/media\/2631"}],"wp:attachment":[{"href":"https:\/\/krankenhauspfarramt.de\/index.php\/wp-json\/wp\/v2\/media?parent=2630"}],"wp:term":[{"taxonomy":"category","embeddable":true,"href":"https:\/\/krankenhauspfarramt.de\/index.php\/wp-json\/wp\/v2\/categories?post=2630"},{"taxonomy":"post_tag","embeddable":true,"href":"https:\/\/krankenhauspfarramt.de\/index.php\/wp-json\/wp\/v2\/tags?post=2630"}],"curies":[{"name":"wp","href":"https:\/\/api.w.org\/{rel}","templated":true}]}}