{"id":2644,"date":"2020-12-14T08:47:10","date_gmt":"2020-12-14T08:47:10","guid":{"rendered":"https:\/\/krankenhauspfarramt.de\/index.php\/2020\/12\/14\/27-11-2020-landessynode-beschliesst-corona-hilfe-fuer-gemeinden\/"},"modified":"2020-12-14T08:47:10","modified_gmt":"2020-12-14T08:47:10","slug":"27-11-2020-landessynode-beschliesst-corona-hilfe-fuer-gemeinden","status":"publish","type":"post","link":"https:\/\/krankenhauspfarramt.de\/index.php\/2020\/12\/14\/27-11-2020-landessynode-beschliesst-corona-hilfe-fuer-gemeinden\/","title":{"rendered":"27.11.2020 Landessynode beschlie\u00dft Corona-Hilfe f\u00fcr Gemeinden"},"content":{"rendered":"<p><img decoding=\"async\" src=\"https:\/\/www.elk-wue.de\/\" \/><\/p>\n<div id=\"c25591\">\n<header>\n<h2 class=\"b_is-headline\">Landessynode beschlie\u00dft Corona-Hilfe f\u00fcr Gemeinden<\/h2>\n<h3>Herbsttagung der W\u00fcrttembergischen Landessynode fortgesetzt<\/h3>\n<\/header>\n<p>Stuttgart. Am zweiten Tag ihrer Herbsttagung hat die W\u00fcrttembergische Evangelische Landessynode am Freitag eine Corona-Hilfe f\u00fcr die Kirchengemeinden beschlossen, in einer Aktuellen Stunde \u00fcber den Umgang mit Verschw\u00f6rungserz\u00e4hlungen und Widerstand gegen Ma\u00dfnahmen gegen Covid-19 diskutiert sowie weitere Hilfsprogramme f\u00fcr Menschen in Not auf den Weg gebracht. Die Tagung dauert noch bis Samstag und wird in einem hybriden Format durchgef\u00fchrt.<\/p>\n<p><strong>Corona-Hilfe f\u00fcr Kirchengemeinden<\/strong><\/p>\n<p>Die rund 1.200 Kirchengemeinden der Landeskirche bekommen 2021 eine Corona-Hilfe von insgesamt 2,5 Millionen Euro als Sonderzuweisung aus dem kirchlichen Haushalt 2021. Das hat die Landessynode beschlossen. Damit soll ein kleiner finanzieller Spielraum er\u00f6ffnet werden, um K\u00fcrzungen abzumildern und Verluste auszugleichen, so der Vorsitzende des Finanzausschusses, Tobias Geiger.<\/p>\n<p><strong>Hilfe f\u00fcr Menschen in Not<\/strong><\/p>\n<p>Ebenso sollen Menschen in Not unterst\u00fctzt werden, konkrete Ma\u00dfnahmen zur F\u00f6rderung\u00a0der Teilhabe langzeitarbeitsloser und anderer benachteiligter Menschen fortgesetzt und dabei die\u00a0Zusammenarbeit zwischen Kirchengemeinden und diakonischen Einrichtungen vertieft werden, wie J\u00f6rg Beurer, Vorsitzender des Diakonieausschusses sagte. \u201eWir sind als Kirche gefordert, einem verst\u00e4rkt drohenden Bruch in unserer Gesellschaft in Arm und Reich entgegenzuwirken, Menschen f\u00fcr dieses Anliegen zu gewinnen und auf die Politik einzuwirken\u201c. Trotz r\u00fcckl\u00e4ufiger Kirchensteuereinnahmen solle das Diakonische Werk Konzepte entwickeln, nachdem das erfolgreiche Programm \u201eKirche trotzt Armut und Ausgrenzung\u201c nun ausgelaufen sei, das \u00fcber Besch\u00e4ftigungs- und Teilhabegutscheine Langzeitarbeitslosen geholfen hat.<\/p>\n<p>Bereits am Vorabend hatte der Vorstandsvorsitzende des Diakonischen Werks W\u00fcrttemberg, Dieter Kaufmann \u00fcber die konkrete \u201eMutmacher\u201c-Soforthilfe berichtet, f\u00fcr das die Landessynode im Juli eine Million Euro zur Verf\u00fcgung gestellt hatte. Jede Woche erreichten das Diakonische Werk W\u00fcrttemberg dankbare Berichte und eindrucksvolle Erz\u00e4hlungen. Die Menschen seien oft sehr \u00fcberrascht und k\u00f6nnten nicht glauben, dass sie in der jetzigen Situation Unterst\u00fctzung von der evangelischen Kirche erhielten und jemand an sie denke. Ebenso h\u00e4tten sich die 120 Diakonischen Einrichtungen in W\u00fcrttemberg sehr f\u00fcr obdachlos gewordene Menschen w\u00e4hrend der Corona-Pandemie eingesetzt.<\/p>\n<p><strong>Gemeinde- und Innovationskongress<\/strong><\/p>\n<p>Weiterhin spricht sich die Landessynode f\u00fcr einen Gemeinde- und Innovationskongress aus. Themen sollen etwa Strategien zur Zukunft der Kirche, Neue Aufbr\u00fcche, Impulse aus dem Netzwerk FreshX sowie Modelle aus anderen Landeskirchen sein. Dabei sollen dem Vorsitzenden des Ausschusses f\u00fcr Kirchen- und Gemeindeentwicklung, Kai M\u00fcnzing, zufolge auch die Erfahrungen mit digitalen Formaten aus der Corona-Zeit ber\u00fccksichtigt werden. Ein Zeitpunkt steht Corona-bedingt noch nicht fest. Die Finanzierung soll in die mittelfristige Finanzplanung aufgenommen werden.<\/p>\n<p><strong>Aktuelle Stunde<\/strong><\/p>\n<p>In einer Aktuellen Stunde besch\u00e4ftigte sich die Synode damit, wie Kirche auf Verschw\u00f6rungserz\u00e4hlungen reagieren kann. Einigkeit herrschte darin, dass man keine Vergleiche der gegenw\u00e4rtigen Situation mit dem NS-Regime und dessen Opfern tolerieren d\u00fcrfe. Weitere \u201erote Linien\u201c seien etwa die Ausgrenzung von Minderheiten oder auch neue Formen des Antisemitismus. Einige Synodale vertraten, dass man im Gespr\u00e4ch mit Menschen bleiben m\u00fcsse, die Verschw\u00f6rungserz\u00e4hlungen anhingen. Kirche k\u00f6nne aufgrund ihrer Botschaften klar widersprechen und dem Hass entgegentreten. Gleichzeit gelte es wahrzunehmen, dass das \u201eHoffnungspotential\u201c vieler Menschen ausgesch\u00f6pft sei und dies in Angst und Enge f\u00fchre. Auch geistliche Angebote m\u00fcssten gemacht werden, etwa zu Resilienz, Stille und Gebet. Angesichts von Angriffen auf die Werte der Demokratie seien immer wieder deutliche kirchliche Positionierungen erforderlich. Insgesamt hielten die Synodalen die Verst\u00e4rkung der Medienkompetenz f\u00fcr notwendig, sowie gezielte Bildungsangebote und Wachsamkeit f\u00fcr Ausgrenzung.<\/p>\n<p><strong>Weiteres Tagungsprogramm<\/strong><\/p>\n<p>Die 91 Landesynodalen tagen noch bis einschlie\u00dflich Samstag; an diesem Tag wird der landeskirchliche Haushalt f\u00fcr 2021 beraten und beschlossen. Au\u00dferdem entscheiden die Synodalen \u00fcber den Beitritt zur \u201eInitiative Lieferkettengesetz\u201c sowie die Unterst\u00fctzung f\u00fcr das B\u00fcndnis \u201eUnited4Rescue\u201c und besch\u00e4ftigen sich mit einem Bericht zu Verfolgungssituationen im Irak, in Syrien und im Libanon.<\/p>\n<p>\u00a0<\/p>\n<p>Oliver Hoesch\u00a0\u00a0\u00a0\u00a0\u00a0\u00a0\u00a0\u00a0\u00a0\u00a0\u00a0\u00a0\u00a0\u00a0\u00a0\u00a0\u00a0\u00a0\u00a0\u00a0\u00a0\u00a0\u00a0\u00a0\u00a0\u00a0\u00a0\u00a0\u00a0\u00a0\u00a0\u00a0\u00a0\u00a0\u00a0\u00a0\u00a0\u00a0\u00a0\u00a0\u00a0\u00a0\u00a0\u00a0\u00a0\u00a0\u00a0\u00a0\u00a0<br \/>Sprecher der Landeskirche\u00a0\u00a0\u00a0\u00a0\u00a0\u00a0\u00a0<\/p>\n<p>\u00a0<\/p>\n<p><strong>Hinweis:<\/strong>\u00a0Die aktuelle Tagesordnung finden Sie hier. Sie k\u00f6nnen die Tagung im Livestream verfolgen. Dort finden Sie auch unsere aktuelle Berichterstattung.<\/p>\n<\/div>\n","protected":false},"excerpt":{"rendered":"<p>Landessynode beschlie\u00dft Corona-Hilfe f\u00fcr Gemeinden Herbsttagung der W\u00fcrttembergischen Landessynode fortgesetzt Stuttgart. Am zweiten Tag ihrer Herbsttagung hat die W\u00fcrttembergische Evangelische<\/p>\n","protected":false},"author":1,"featured_media":0,"comment_status":"closed","ping_status":"closed","sticky":false,"template":"","format":"standard","meta":{"footnotes":""},"categories":[21],"tags":[],"_links":{"self":[{"href":"https:\/\/krankenhauspfarramt.de\/index.php\/wp-json\/wp\/v2\/posts\/2644"}],"collection":[{"href":"https:\/\/krankenhauspfarramt.de\/index.php\/wp-json\/wp\/v2\/posts"}],"about":[{"href":"https:\/\/krankenhauspfarramt.de\/index.php\/wp-json\/wp\/v2\/types\/post"}],"author":[{"embeddable":true,"href":"https:\/\/krankenhauspfarramt.de\/index.php\/wp-json\/wp\/v2\/users\/1"}],"replies":[{"embeddable":true,"href":"https:\/\/krankenhauspfarramt.de\/index.php\/wp-json\/wp\/v2\/comments?post=2644"}],"version-history":[{"count":0,"href":"https:\/\/krankenhauspfarramt.de\/index.php\/wp-json\/wp\/v2\/posts\/2644\/revisions"}],"wp:attachment":[{"href":"https:\/\/krankenhauspfarramt.de\/index.php\/wp-json\/wp\/v2\/media?parent=2644"}],"wp:term":[{"taxonomy":"category","embeddable":true,"href":"https:\/\/krankenhauspfarramt.de\/index.php\/wp-json\/wp\/v2\/categories?post=2644"},{"taxonomy":"post_tag","embeddable":true,"href":"https:\/\/krankenhauspfarramt.de\/index.php\/wp-json\/wp\/v2\/tags?post=2644"}],"curies":[{"name":"wp","href":"https:\/\/api.w.org\/{rel}","templated":true}]}}