{"id":2645,"date":"2020-12-14T13:49:03","date_gmt":"2020-12-14T13:49:03","guid":{"rendered":"https:\/\/krankenhauspfarramt.de\/index.php\/2020\/12\/14\/theologen-diskutieren-ueber-chancen-der-digitalisierung-in-der-kirche-ekd\/"},"modified":"2020-12-14T13:49:05","modified_gmt":"2020-12-14T13:49:05","slug":"theologen-diskutieren-ueber-chancen-der-digitalisierung-in-der-kirche-ekd","status":"publish","type":"post","link":"https:\/\/krankenhauspfarramt.de\/index.php\/2020\/12\/14\/theologen-diskutieren-ueber-chancen-der-digitalisierung-in-der-kirche-ekd\/","title":{"rendered":"Theologen diskutieren \u00fcber Chancen der Digitalisierung in der Kirche \u2013 EKD"},"content":{"rendered":"<p> <br \/>\n<\/p>\n<div>\n<p>F\u00fcr die Theologin Stefanie Hoffmann hat Corona &#8222;eine digitale Alphabetisierung&#8220; quer durch alle Bereiche der Kirche ausgel\u00f6st, und das sei eine gro\u00dfe Chance. &#8222;Digitale Formen von Gottesdiensten k\u00f6nnen eine Heimat f\u00fcr Menschen sein, die sich in Kirchengemeinden nicht zu Hause f\u00fchlen&#8220;, sagte die Kirchenr\u00e4tin von der Stabsstelle Digitalisierung der Evangelische Kirche in Deutschland (EKD). Allerdings bleibe die Herausforderung: &#8222;Wie k\u00f6nnen wir das Zwischenmenschliche im Digitalen darstellen?&#8220;<\/p>\n<p>Der Bonner Superintendent Dietmar Pistorius pl\u00e4diert daf\u00fcr, Online-Gottesdienste nicht nur als Notprogramme f\u00fcr Kirchengemeinden im Lockdown zu sehen, sondern als auf Dauer echte Alternativen und wichtige Erg\u00e4nzungen kirchlichen Lebens: &#8222;Wir wollen als Kirche auch den digitalen Raum gestalten.&#8220; Dabei setze er gro\u00dfe Hoffnung in junge Theologinnen und Theologen, die in der digitalen Welt aufgewachsen seien. Der Leiter des Evangelischen Forum Bonn, Pfarrer Martin Engels, warnte bei allen Chancen der Digitalisierung allerdings auch davor, dass Kirche im Internet &#8222;nur Echokammern erzeugt, die integrative Kraft von Kirchengemeinden aber verliert&#8220;.<\/p>\n<\/p><\/div>\n","protected":false},"excerpt":{"rendered":"<p>F\u00fcr die Theologin Stefanie Hoffmann hat Corona &#8222;eine digitale Alphabetisierung&#8220; quer durch alle Bereiche der Kirche ausgel\u00f6st, und das sei<\/p>\n","protected":false},"author":1,"featured_media":2646,"comment_status":"closed","ping_status":"closed","sticky":false,"template":"","format":"standard","meta":{"footnotes":""},"categories":[20],"tags":[],"_links":{"self":[{"href":"https:\/\/krankenhauspfarramt.de\/index.php\/wp-json\/wp\/v2\/posts\/2645"}],"collection":[{"href":"https:\/\/krankenhauspfarramt.de\/index.php\/wp-json\/wp\/v2\/posts"}],"about":[{"href":"https:\/\/krankenhauspfarramt.de\/index.php\/wp-json\/wp\/v2\/types\/post"}],"author":[{"embeddable":true,"href":"https:\/\/krankenhauspfarramt.de\/index.php\/wp-json\/wp\/v2\/users\/1"}],"replies":[{"embeddable":true,"href":"https:\/\/krankenhauspfarramt.de\/index.php\/wp-json\/wp\/v2\/comments?post=2645"}],"version-history":[{"count":1,"href":"https:\/\/krankenhauspfarramt.de\/index.php\/wp-json\/wp\/v2\/posts\/2645\/revisions"}],"predecessor-version":[{"id":2647,"href":"https:\/\/krankenhauspfarramt.de\/index.php\/wp-json\/wp\/v2\/posts\/2645\/revisions\/2647"}],"wp:featuredmedia":[{"embeddable":true,"href":"https:\/\/krankenhauspfarramt.de\/index.php\/wp-json\/wp\/v2\/media\/2646"}],"wp:attachment":[{"href":"https:\/\/krankenhauspfarramt.de\/index.php\/wp-json\/wp\/v2\/media?parent=2645"}],"wp:term":[{"taxonomy":"category","embeddable":true,"href":"https:\/\/krankenhauspfarramt.de\/index.php\/wp-json\/wp\/v2\/categories?post=2645"},{"taxonomy":"post_tag","embeddable":true,"href":"https:\/\/krankenhauspfarramt.de\/index.php\/wp-json\/wp\/v2\/tags?post=2645"}],"curies":[{"name":"wp","href":"https:\/\/api.w.org\/{rel}","templated":true}]}}