{"id":2649,"date":"2020-12-14T17:58:55","date_gmt":"2020-12-14T17:58:55","guid":{"rendered":"https:\/\/krankenhauspfarramt.de\/index.php\/2020\/12\/14\/kirchen-wichtige-mahner-und-impulsgeber-fuer-europa-ekd\/"},"modified":"2020-12-14T17:58:55","modified_gmt":"2020-12-14T17:58:55","slug":"kirchen-wichtige-mahner-und-impulsgeber-fuer-europa-ekd","status":"publish","type":"post","link":"https:\/\/krankenhauspfarramt.de\/index.php\/2020\/12\/14\/kirchen-wichtige-mahner-und-impulsgeber-fuer-europa-ekd\/","title":{"rendered":"Kirchen wichtige Mahner und Impulsgeber f\u00fcr Europa \u2013 EKD"},"content":{"rendered":"<p> <br \/>\n<\/p>\n<div>\n<p>Zus\u00e4tzlich k\u00f6nne die Kirche Foren bilden f\u00fcr Diskussionen, wie Europa vor dem Hintergrund christlicher Grund\u00fcberzeugungen gestaltet und somit die Demokratie gest\u00e4rkt werden k\u00f6nne, erg\u00e4nzte McAllister. &#8222;Es ist notwendig, dass wir Christen uns aktiv, aber bitte ohne moralischen D\u00fcnkel, an der Diskussion politischer und \u00f6konomischer Fragen beteiligen und uns um verantwortliche L\u00f6sungen bem\u00fchen.&#8220; Ohnehin z\u00e4hlten die Leistungen der Kirche und ihrer Wohlfahrtsverb\u00e4nde im Bildungs-, Gesundheits- und Sozialwesen sowie im Ehrenamt und bei der nichtstaatlichen Entwicklungszusammenarbeit zu den S\u00e4ulen der Gesellschaft.<\/p>\n<p>Vor diesem Hintergrund lasse sich auch das Engagement der EKD im Zuge der Rettung von in Seenot geratenen Fl\u00fcchtlingen im Mittelmeer betrachten. &#8222;Menschen in Seenot zu retten, ist ein humanit\u00e4res Gebot und nach internationalem Recht verpflichtend&#8220;, betonte McAllister. Allerdings seien auch die Staaten in der Pflicht, endlich Perspektiven zu liefern. &#8222;In der Asyl- und Migrationspolitik, einschlie\u00dflich der Seenotrettung, ist dringend eine europ\u00e4ische L\u00f6sung geboten. Das oberste Ziel muss sein, Menschen davon abzuhalten, sich auf eine gef\u00e4hrliche und nicht selten tragischerweise t\u00f6dliche Flucht zu begeben.&#8220;<\/p>\n<p style=\"text-align:right\"><em>epd-Gespr\u00e4ch: Bj\u00f6rn Schl\u00fcter<\/em><\/p>\n<\/p><\/div>\n","protected":false},"excerpt":{"rendered":"<p>Zus\u00e4tzlich k\u00f6nne die Kirche Foren bilden f\u00fcr Diskussionen, wie Europa vor dem Hintergrund christlicher Grund\u00fcberzeugungen gestaltet und somit die Demokratie<\/p>\n","protected":false},"author":1,"featured_media":0,"comment_status":"closed","ping_status":"closed","sticky":false,"template":"","format":"standard","meta":{"footnotes":""},"categories":[20],"tags":[],"_links":{"self":[{"href":"https:\/\/krankenhauspfarramt.de\/index.php\/wp-json\/wp\/v2\/posts\/2649"}],"collection":[{"href":"https:\/\/krankenhauspfarramt.de\/index.php\/wp-json\/wp\/v2\/posts"}],"about":[{"href":"https:\/\/krankenhauspfarramt.de\/index.php\/wp-json\/wp\/v2\/types\/post"}],"author":[{"embeddable":true,"href":"https:\/\/krankenhauspfarramt.de\/index.php\/wp-json\/wp\/v2\/users\/1"}],"replies":[{"embeddable":true,"href":"https:\/\/krankenhauspfarramt.de\/index.php\/wp-json\/wp\/v2\/comments?post=2649"}],"version-history":[{"count":0,"href":"https:\/\/krankenhauspfarramt.de\/index.php\/wp-json\/wp\/v2\/posts\/2649\/revisions"}],"wp:attachment":[{"href":"https:\/\/krankenhauspfarramt.de\/index.php\/wp-json\/wp\/v2\/media?parent=2649"}],"wp:term":[{"taxonomy":"category","embeddable":true,"href":"https:\/\/krankenhauspfarramt.de\/index.php\/wp-json\/wp\/v2\/categories?post=2649"},{"taxonomy":"post_tag","embeddable":true,"href":"https:\/\/krankenhauspfarramt.de\/index.php\/wp-json\/wp\/v2\/tags?post=2649"}],"curies":[{"name":"wp","href":"https:\/\/api.w.org\/{rel}","templated":true}]}}