{"id":2653,"date":"2020-12-15T02:05:38","date_gmt":"2020-12-15T02:05:38","guid":{"rendered":"https:\/\/krankenhauspfarramt.de\/index.php\/2020\/12\/15\/landeskirche-bildet-berater-zum-schutz-vor-missbrauch-aus-ekd\/"},"modified":"2020-12-15T02:05:40","modified_gmt":"2020-12-15T02:05:40","slug":"landeskirche-bildet-berater-zum-schutz-vor-missbrauch-aus-ekd","status":"publish","type":"post","link":"https:\/\/krankenhauspfarramt.de\/index.php\/2020\/12\/15\/landeskirche-bildet-berater-zum-schutz-vor-missbrauch-aus-ekd\/","title":{"rendered":"Landeskirche bildet Berater zum Schutz vor Missbrauch aus \u2013 EKD"},"content":{"rendered":"<p> <br \/>\n<\/p>\n<div>\n<p>Bei der Fortbildung w\u00fcrden zwei Referentinnen die Teilnehmer mit dem Schulungsmaterial vertraut machen und Umsetzungsm\u00f6glichkeiten f\u00fcr die Beratung vor Ort aufzeigen, sagte Wilhelm. Inhalte seien etwa T\u00e4ter-Strategien und die Ausbildung von Handlungskompetenzen. Die Multiplikatoren arbeiteten auf Honorarbasis oder im Rahmen einer Nebent\u00e4tigkeit. Zu ihnen z\u00e4hlten unter anderen Theologen sowie Vertreter aus dem Kindertagesst\u00e4ttenreferat der Diakonie, den gemeindep\u00e4dagogischen Diensten, der Diakonissen Speyer und der Pfadfinderschaft.<\/p>\n<p>Zur Koordinierung der Arbeit der Multiplikatoren gebe es eine auf f\u00fcnf Jahre befristete Projektstelle, sagte Wilhelm. Die Landeskirche\u00a0\u00fcbernehme die Ausbildungskosten, daf\u00fcr verpflichteten die Teilnehmer sich f\u00fcr eine mindestens dreij\u00e4hrige Beratert\u00e4tigkeit. In der Landeskirche\u00a0sei nur eine &#8222;niedrige Zahl&#8220; von Missbrauchsf\u00e4llen bekanntgeworden, sagte Wilhelm. Dabei handele es sich meist um sogenannte Altf\u00e4lle, bei denen Menschen etwa in Kinderheimen sexuellen Missbrauch erfuhren.<\/p>\n<\/p><\/div>\n","protected":false},"excerpt":{"rendered":"<p>Bei der Fortbildung w\u00fcrden zwei Referentinnen die Teilnehmer mit dem Schulungsmaterial vertraut machen und Umsetzungsm\u00f6glichkeiten f\u00fcr die Beratung vor Ort<\/p>\n","protected":false},"author":1,"featured_media":2654,"comment_status":"closed","ping_status":"closed","sticky":false,"template":"","format":"standard","meta":{"footnotes":""},"categories":[20],"tags":[],"_links":{"self":[{"href":"https:\/\/krankenhauspfarramt.de\/index.php\/wp-json\/wp\/v2\/posts\/2653"}],"collection":[{"href":"https:\/\/krankenhauspfarramt.de\/index.php\/wp-json\/wp\/v2\/posts"}],"about":[{"href":"https:\/\/krankenhauspfarramt.de\/index.php\/wp-json\/wp\/v2\/types\/post"}],"author":[{"embeddable":true,"href":"https:\/\/krankenhauspfarramt.de\/index.php\/wp-json\/wp\/v2\/users\/1"}],"replies":[{"embeddable":true,"href":"https:\/\/krankenhauspfarramt.de\/index.php\/wp-json\/wp\/v2\/comments?post=2653"}],"version-history":[{"count":1,"href":"https:\/\/krankenhauspfarramt.de\/index.php\/wp-json\/wp\/v2\/posts\/2653\/revisions"}],"predecessor-version":[{"id":2655,"href":"https:\/\/krankenhauspfarramt.de\/index.php\/wp-json\/wp\/v2\/posts\/2653\/revisions\/2655"}],"wp:featuredmedia":[{"embeddable":true,"href":"https:\/\/krankenhauspfarramt.de\/index.php\/wp-json\/wp\/v2\/media\/2654"}],"wp:attachment":[{"href":"https:\/\/krankenhauspfarramt.de\/index.php\/wp-json\/wp\/v2\/media?parent=2653"}],"wp:term":[{"taxonomy":"category","embeddable":true,"href":"https:\/\/krankenhauspfarramt.de\/index.php\/wp-json\/wp\/v2\/categories?post=2653"},{"taxonomy":"post_tag","embeddable":true,"href":"https:\/\/krankenhauspfarramt.de\/index.php\/wp-json\/wp\/v2\/tags?post=2653"}],"curies":[{"name":"wp","href":"https:\/\/api.w.org\/{rel}","templated":true}]}}